{"id":14567,"date":"2025-04-27T18:10:39","date_gmt":"2025-04-27T16:10:39","guid":{"rendered":"https:\/\/serbenidorm.daliisolutions.com\/index.php\/2025\/04\/27\/los-bomberos-del-consorcio-provincial-intensifican-sus-protestas-con-una-concentracion-este-lunes-en-el-ayuntamiento-de-benidorm\/"},"modified":"2025-04-27T18:10:39","modified_gmt":"2025-04-27T16:10:39","slug":"los-bomberos-del-consorcio-provincial-intensifican-sus-protestas-con-una-concentracion-este-lunes-en-el-ayuntamiento-de-benidorm","status":"publish","type":"post","link":"https:\/\/serbenidorm.daliisolutions.com\/index.php\/2025\/04\/27\/los-bomberos-del-consorcio-provincial-intensifican-sus-protestas-con-una-concentracion-este-lunes-en-el-ayuntamiento-de-benidorm\/","title":{"rendered":"Los bomberos del Consorcio Provincial intensifican sus protestas con una concentraci\u00f3n este lunes en el Ayuntamiento de Benidorm"},"content":{"rendered":"  <p><div data-adtype=\"MLDB\"><\/div><\/p>   <p>Alicante<\/p>   <p>La Junta de Personal del Consorcio Provincial de Bomberos mantiene su hoja de ruta y se concentrar\u00e1 ma\u00f1ana lunes, a las nueve de la ma\u00f1ana, frente al Ayuntamiento de Benidorm para tratar de conseguir un acuerdo para la mejora en la gesti\u00f3n de los efectivos y del mando operativo. <\/p>   <p>Los bomberos se concentrar\u00e1n en primer lugar en Benidorm, para hacerle llegar sus reivindicaciones al alcalde Toni P\u00e9rez, que es tambi\u00e9n el presidente de la Diputaci\u00f3n Provincial. De hecho, tambi\u00e9n se concentrar\u00e1n el pr\u00f3ximo lunes 5 de mayo en el pleno que se celebrar\u00e1 en la instituci\u00f3n provincial. <\/p>   <p><p>M\u00e1s informaci\u00f3n<\/p><ul><li><a href=\"https:\/\/cadenaser.com\/comunitat-valenciana\/2025\/04\/13\/los-vehiculos-de-los-bomberos-del-consorcio-provincial-de-alicante-aparecen-con-pintadas-reivindicativas-ante-la-falta-de-avances-en-las-negociaciones-radio-alicante\/\"><span>Los veh\u00edculos de los Bomberos del Consorcio Provincial de Alicante aparecen con pintadas reivindicativas ante la falta de avances en las negociaciones <\/span><\/a><\/li><\/ul><\/p>   <p>El viernes se celebr\u00f3 una larga reuni\u00f3n de siete horas entre Toni P\u00e9rez y la Junta de Personal, en la que no se lleg\u00f3 a ning\u00fan acuerdo. El presidente se comprometi\u00f3 a estudiar la propuesta de los bomberos y los emplaz\u00f3 a una nueva reuni\u00f3n el pr\u00f3ximo mi\u00e9rcoles. La respuesta fue, seg\u00fan los bomberos, que deb\u00edan realizar un estudio tanto legal como econ\u00f3mico para poder plasmar en un acuerdo algo a lo que se pudieran comprometer a firmar y cumplir. <\/p>   <p>Juan Penalva, presidente de la Junta de Personal del Consorcio de Alicante, explica que \u00abel punto m\u00e1s conflictivo y la principal reivindicaci\u00f3n es la gesti\u00f3n del propio Consorcio\u00bb. Piden que parte del mando operativo fuera apartado para poder seguir negociando. <\/p>   <p>Adem\u00e1s, se\u00f1ala que siguen pendientes de una valoraci\u00f3n de los puestos de trabajo y de un convenio colectivo renovado. <\/p>   <p><div class=\"c-mul-sc\"><div id=\"player-1745760266482\" class=\"c-player-audio\"><button class=\"bt-play\" data-audioid=\"1745760266482\" data-type=\"aod\" data-accountname=\"playser\"><\/button><div class=\"c-copiado\"><p>El c\u00f3digo iframe se ha copiado en el portapapeles<\/p><\/div><div class=\"d-audio\"><p class=\"tit\">Juan Penalva,  presidente de la Junta de Personal del Consorcio de Bomberos de Alicante: \u00abMantenemos las concentraciones previstas en Benidorm y la Diputaci\u00f3n de Alicante\u00bb<\/p><div class=\"b-pro\"><span class=\"progreso\"><\/span><\/div><div class=\"c-times\"><span class=\"t-progreso\">00:00:00<\/span><span class=\"t-total-audio\">00:30<\/span><\/div><\/div><button class=\"bt-op\"><\/button><div class=\"c-opciones c-comun\"><a href=\"https:\/\/prisa-es.mc.tritondigital.com\/SER_RADIO_ALICANTE_HORA_14_FIN_DE_SEMANA\/media\/mcv\/playser\/multimedia\/20250427\/4445782_132458_audio_128.mp3?dist=cadenaser-web-tfp-permanente&amp;csegid=22000&amp;dl=1\" class=\"bt-down\">Descargar<\/a><button class=\"bt-share\">Compartir<\/button><button class=\"bt-close\">Cerrar<\/button><\/div><div class=\"c-opciones c-share\"><button class=\"bt-fb\" data-ssnn=\"facebook\" data-url=\"https:\/\/cadenaser.com\/comunitat-valenciana\/2025\/04\/27\/los-bomberos-del-consorcio-provincial-intensifican-sus-protestas-con-una-concentracion-este-lunes-en-el-ayuntamiento-de-benidorm-radio-alicante\/\">Facebook<\/button><button class=\"bt-tw\" data-ssnn=\"twitter\" data-url=\"https:\/\/cadenaser.com\/comunitat-valenciana\/2025\/04\/27\/los-bomberos-del-consorcio-provincial-intensifican-sus-protestas-con-una-concentracion-este-lunes-en-el-ayuntamiento-de-benidorm-radio-alicante\/\">Twitter<\/button><button class=\"bt-li\" data-ssnn=\"linkedin\" data-url=\"https:\/\/cadenaser.com\/comunitat-valenciana\/2025\/04\/27\/los-bomberos-del-consorcio-provincial-intensifican-sus-protestas-con-una-concentracion-este-lunes-en-el-ayuntamiento-de-benidorm-radio-alicante\/\">Linkedin<\/button><button class=\"bt-wh\" data-ssnn=\"whatsapp\" data-url=\"https:\/\/cadenaser.com\/comunitat-valenciana\/2025\/04\/27\/los-bomberos-del-consorcio-provincial-intensifican-sus-protestas-con-una-concentracion-este-lunes-en-el-ayuntamiento-de-benidorm-radio-alicante\/\">WhatsApp<\/button><button class=\"bt-close\">Cerrar<\/button><\/div><\/div><\/div><\/p>   <p>Juan Penalva espera que la administraci\u00f3n provincial pueda llegar a un preacuerdo con la Junta de Personal el pr\u00f3ximo mi\u00e9rcoles. <\/p>   <p>Los bomberos recuerdan que, desde que se inici\u00f3 el conflicto laboral, las incidencias han sido numerosas. El cierre de parques auxiliares durante horas, guardias por debajo de los m\u00ednimos establecidos por el propio consorcio o la falta de mandos intermedios pr\u00e1cticamente a diario. <\/p>   <p>Recuerdan que algunas de estas intervenciones fueron de elevada gravedad como la ocurrida en Elche el pasado 10 de abril, cuando tuvo lugar un incendio de vivienda en la que hubo que rescatar a diez personas afectadas por el incendio, y en la que ese d\u00eda no se hab\u00eda cubierto la figura del cabo jefe de salida, teniendo que ser asumida estas funciones tan importantes por parte del sargento, el cual tuvo que desatender las propias de su puesto. Tambi\u00e9n ponen el ejemplo de la incidencia ocurrida en Albatera, donde tuvo lugar el incendio en una nave destinada a un gimnasio, teniendo que trabajar varias dotaciones durante horas, sin relevos y dejando sus parques sin bomberos. <\/p>   <p>Sin embargo, el Consorcio Provincial de Bomberos emit\u00eda un comunicado en el que aseguraba que en ning\u00fan momento se ha procedido al cierre de parques de bomberos, ni se ha interrumpido la prestaci\u00f3n del servicio. Tambi\u00e9n negaban que la plantilla estuviera trabajando por debajo de m\u00ednimos operativos. <\/p>  <p><figure><img decoding=\"async\" src=\"https:\/\/cadenaser.com\/resizer\/v2\/YTEHZG67LRCXLEPXQH2KHPMH3Q.jpeg?auth=81258064fe8b7f666c3c75bf85556460f4348676fc61b75598bf8b6f3007c1fd&amp;quality=70&amp;width=650&amp;height=780&amp;smart=true\" alt=\"Cartel de la concentraci\u00f3n de protesta en el Ayuntamiento de Benidorm\" width=\"5\" height=\"6\" loading=\"lazy\" \/><figcaption class=\"fc\"><p><span>Cartel de la concentraci\u00f3n de protesta en el Ayuntamiento de Benidorm<\/span><\/p><\/figcaption><\/figure><button class=\"bt-am\">Ampliar<\/button><div class=\"lb d-none\"><div><figure><img loading=\"lazy\" decoding=\"async\" src=\"https:\/\/cadenaser.com\/resizer\/v2\/YTEHZG67LRCXLEPXQH2KHPMH3Q.jpeg?auth=81258064fe8b7f666c3c75bf85556460f4348676fc61b75598bf8b6f3007c1fd\" alt=\"Cartel de la concentraci\u00f3n de protesta en el Ayuntamiento de Benidorm\" width=\"5\" height=\"6\" \/><figcaption class=\"fc\"><p><span>Cartel de la concentraci\u00f3n de protesta en el Ayuntamiento de Benidorm<\/span><\/p><\/figcaption><\/figure><button>Cerrar<\/button><\/div><\/div><\/p> ","protected":false},"excerpt":{"rendered":"<p>Tambi\u00e9n se concentrar\u00e1n el  pr\u00f3ximo lunes 5 de mayo en el pleno que se celebrar\u00e1 en la Diputaci\u00f3n Provincial <\/p>\n","protected":false},"author":0,"featured_media":14568,"comment_status":"open","ping_status":"open","sticky":false,"template":"","format":"standard","meta":{"_acf_changed":false,"footnotes":""},"categories":[1],"tags":[],"class_list":["post-14567","post","type-post","status-publish","format-standard","has-post-thumbnail","hentry","category-sin-categoria"],"acf":{"ser_id":"V5AS57JMFBHWREEGQBXCSSX3RI","ser_url":"https:\/\/cadenaser.com\/comunitat-valenciana\/2025\/04\/27\/los-bomberos-del-consorcio-provincial-intensifican-sus-protestas-con-una-concentracion-este-lunes-en-el-ayuntamiento-de-benidorm-radio-alicante\/"},"_links":{"self":[{"href":"https:\/\/serbenidorm.daliisolutions.com\/index.php\/wp-json\/wp\/v2\/posts\/14567","targetHints":{"allow":["GET"]}}],"collection":[{"href":"https:\/\/serbenidorm.daliisolutions.com\/index.php\/wp-json\/wp\/v2\/posts"}],"about":[{"href":"https:\/\/serbenidorm.daliisolutions.com\/index.php\/wp-json\/wp\/v2\/types\/post"}],"replies":[{"embeddable":true,"href":"https:\/\/serbenidorm.daliisolutions.com\/index.php\/wp-json\/wp\/v2\/comments?post=14567"}],"version-history":[{"count":0,"href":"https:\/\/serbenidorm.daliisolutions.com\/index.php\/wp-json\/wp\/v2\/posts\/14567\/revisions"}],"wp:featuredmedia":[{"embeddable":true,"href":"https:\/\/serbenidorm.daliisolutions.com\/index.php\/wp-json\/wp\/v2\/media\/14568"}],"wp:attachment":[{"href":"https:\/\/serbenidorm.daliisolutions.com\/index.php\/wp-json\/wp\/v2\/media?parent=14567"}],"wp:term":[{"taxonomy":"category","embeddable":true,"href":"https:\/\/serbenidorm.daliisolutions.com\/index.php\/wp-json\/wp\/v2\/categories?post=14567"},{"taxonomy":"post_tag","embeddable":true,"href":"https:\/\/serbenidorm.daliisolutions.com\/index.php\/wp-json\/wp\/v2\/tags?post=14567"}],"curies":[{"name":"wp","href":"https:\/\/api.w.org\/{rel}","templated":true}]}}