{"id":14589,"date":"2025-04-29T10:55:01","date_gmt":"2025-04-29T08:55:01","guid":{"rendered":"https:\/\/serbenidorm.daliisolutions.com\/index.php\/2025\/04\/29\/apagon-en-la-marina-baixa-benidorm-ha-respondido-magnificamente-bien\/"},"modified":"2025-04-29T10:55:01","modified_gmt":"2025-04-29T08:55:01","slug":"apagon-en-la-marina-baixa-benidorm-ha-respondido-magnificamente-bien","status":"publish","type":"post","link":"https:\/\/serbenidorm.daliisolutions.com\/index.php\/2025\/04\/29\/apagon-en-la-marina-baixa-benidorm-ha-respondido-magnificamente-bien\/","title":{"rendered":"Apag\u00f3n en la Marina Baixa: \u201cBenidorm ha respondido magn\u00edficamente bien\u201d"},"content":{"rendered":"  <p><div data-adtype=\"MLDB\"><\/div><\/p>   <p>Benidorm<\/p>   <p>La ciudad de Benidorm ha ido, poco a poco, recuperando la normalidad desde la \u00faltima hora de la tarde de este lunes de apag\u00f3n generalizado en Espa\u00f1a que, evidentemente, tambi\u00e9n ha afectado a la capital tur\u00edstica de la Comunitat Valenciana.<\/p>   <p>Despu\u00e9s de que la ciudad haya ido, paulatinamente, ilumin\u00e1ndose a lo largo de las horas, el alcalde, Toni P\u00e9rez, ha realizado a primera hora de este martes una valoraci\u00f3n inicial asegurando que \u201cya est\u00e1 pr\u00e1cticamente reestablecida la normalidad desde anoche\u201d. <\/p>   <p>Las entradas a la ciudad presentaban en la ma\u00f1ana de este martes la imagen habitual de un d\u00eda laboral y lectivo y los negocios levantaban las persianas tambi\u00e9n con normalidad. Pese a ello, el primer edil ped\u00eda \u201cprevenci\u00f3n y calma\u201d a sus vecinos ya que, reconoc\u00eda, \u201cm\u00e1s de doce horas con el fluido el\u00e9ctrico cortado pone en tensi\u00f3n, sin duda, los servicios fundamentales y tambi\u00e9n nuestro d\u00eda a d\u00eda\u201d. <\/p>   <p>Con todo, P\u00e9rez ha hecho un primer balance de lo visto en Benidorm asegurando que \u201cla ciudad ha respondido magn\u00edficamente bien\u201d destacando el \u201celevad\u00edsimo nivel de civismo por parte de toda la poblaci\u00f3n\u201d. <\/p>   <p>De hecho, preguntado sobre los incidentes que se hayan podido producir en su ciudad, Toni P\u00e9rez ha explicado que \u201cno hay nada rese\u00f1able\u201d aunque, recuerda, \u201ccomo se decret\u00f3 la emergencia nacional en el entorno de la medianoche los centros docentes de Benidorm van a mantenerse abiertos, aunque no ser\u00e1 un d\u00eda con carga lectiva\u201d y, ha recordado, \u201cse mantiene el transporte escolar y el servicio de comedor para todo el alumnado\u201d.<\/p>   <p><b>Sin incidencias en los hoteles<\/b><\/p>   <p>Tambi\u00e9n la directora ejecutiva de la patronal hotelera Hosbec, Mayte Garc\u00eda, ha hecho ya una primera valoraci\u00f3n de c\u00f3mo se ha vivido este apag\u00f3n generalizado por parte del sector.<\/p>   <p>Tal y como ha explicado Garc\u00eda a primera hora de esta ma\u00f1ana, \u201cdesde Hosbec y tras un puntual seguimiento de cada uno de los momentos vividos ayer podemos confirmar que se va recobrando la normalidad\u201d.<\/p>   <p>Una vez pasadas las horas m\u00e1s complicadas y, sobre todo, tras la vuelta del suministro el\u00e9ctrico a la ciudad, Garc\u00eda ha valorado que la jornada del lunes \u201cfue un d\u00eda en el que los equipos de crisis se activaron y se pudo comprobar c\u00f3mo los hoteles estaban preparados para enfrentar una situaci\u00f3n de gran incertidumbre\u201d. <\/p>   <p>En ese mismo sentido, ha valorado que \u201ca pesar de esos momentos cr\u00edticos, sobre todo para los suministros de combustible para garantizar el suministro de los grupos generadores [de electricidad], poco a poco se ha ido recuperando la normalidad y no ha habido incidencias a resaltar\u201d.<\/p>   <p><b>Peque\u00f1os problemas para elevar el agua a los edificios altos<\/b><\/p>   <p>Uno de los servicios b\u00e1sicos que tampoco sufri\u00f3 grandes problemas fue el del agua. Tanto el suministro de agua potable como el alcantarillado mantuvieron su funcionamiento normal en Benidorm y la Marina Baixa gracias a que, como ha explicado el responsable de Hidraqua en la zona, Ciriaco Clemente, \u201cen el d\u00eda de ayer, los equipos de Hidraqua estuvieron trabajando de forma intensa y coordinada con los ayuntamientos y el resto de organismos presentes en el Cecopal\u201d. <\/p>   <p>En ese mismo sentido, Clemente subrayaba en la ma\u00f1ana de este martes que \u201cla mayor\u00eda de instalaciones del servicio de agua y alcantarillado dependen, en gran medida, del suministro el\u00e9ctrico y, por esa parte, nos toc\u00f3 buscar funcionamientos alternativos con grupos electr\u00f3genos al mismo tiempo que hacer maniobras y supervisi\u00f3n en campo para minimizar las incidencias\u201d.<\/p>   <p>Ciriaco Clemente ha concedido que \u201cse pudieron registrar, de forma puntual, faltas de suministros en edificios altos o en las comunidades que tienen grupo de presi\u00f3n interior. All\u00ed, evidentemente, durante la duraci\u00f3n del apag\u00f3n no hab\u00eda suministro el\u00e9ctrico para que funcionaran estos grupos\u201d. <\/p>   <p>Con todo, \u201cen el caso de Benidorm fue especialmente importante la supervisi\u00f3n de la potabilizadora de la ciudad, que es una instalaci\u00f3n que est\u00e1 clasificada como cr\u00edtica as\u00ed como la supervisi\u00f3n del funcionamiento de la depuradora y los bombeos principales de agua residual para poder evacuar el agua de la ciudad\u201d.<\/p>   <p>En lo que respecta al \u201cresto de municipios de la Marina Baixa, hay que destacar que tampoco se registraron incidencias significativas\u201d.<\/p>   <p>Tras la vuelta de la electricidad, \u201cesta ma\u00f1ana se encontraban normalizados pr\u00e1cticamente el 100% de los servicios\u201d.<\/p> ","protected":false},"excerpt":{"rendered":"<p>Hosbec afirma que en los hoteles \u201cno ha habido incidencias a resaltar\u201d<\/p>\n","protected":false},"author":0,"featured_media":14590,"comment_status":"open","ping_status":"open","sticky":false,"template":"","format":"standard","meta":{"_acf_changed":false,"footnotes":""},"categories":[1],"tags":[],"class_list":["post-14589","post","type-post","status-publish","format-standard","has-post-thumbnail","hentry","category-sin-categoria"],"acf":{"ser_id":"PVGBZXTGPNE6XEIQQXUDQKEOGI","ser_url":"https:\/\/cadenaser.com\/comunitat-valenciana\/2025\/04\/29\/apagon-en-la-marina-baixa-benidorm-ha-respondido-magnificamente-bien-radio-benidorm\/"},"_links":{"self":[{"href":"https:\/\/serbenidorm.daliisolutions.com\/index.php\/wp-json\/wp\/v2\/posts\/14589","targetHints":{"allow":["GET"]}}],"collection":[{"href":"https:\/\/serbenidorm.daliisolutions.com\/index.php\/wp-json\/wp\/v2\/posts"}],"about":[{"href":"https:\/\/serbenidorm.daliisolutions.com\/index.php\/wp-json\/wp\/v2\/types\/post"}],"replies":[{"embeddable":true,"href":"https:\/\/serbenidorm.daliisolutions.com\/index.php\/wp-json\/wp\/v2\/comments?post=14589"}],"version-history":[{"count":0,"href":"https:\/\/serbenidorm.daliisolutions.com\/index.php\/wp-json\/wp\/v2\/posts\/14589\/revisions"}],"wp:featuredmedia":[{"embeddable":true,"href":"https:\/\/serbenidorm.daliisolutions.com\/index.php\/wp-json\/wp\/v2\/media\/14590"}],"wp:attachment":[{"href":"https:\/\/serbenidorm.daliisolutions.com\/index.php\/wp-json\/wp\/v2\/media?parent=14589"}],"wp:term":[{"taxonomy":"category","embeddable":true,"href":"https:\/\/serbenidorm.daliisolutions.com\/index.php\/wp-json\/wp\/v2\/categories?post=14589"},{"taxonomy":"post_tag","embeddable":true,"href":"https:\/\/serbenidorm.daliisolutions.com\/index.php\/wp-json\/wp\/v2\/tags?post=14589"}],"curies":[{"name":"wp","href":"https:\/\/api.w.org\/{rel}","templated":true}]}}