{"id":14612,"date":"2025-04-29T15:43:58","date_gmt":"2025-04-29T13:43:58","guid":{"rendered":"https:\/\/serbenidorm.daliisolutions.com\/index.php\/2025\/04\/29\/hoteles-bares-comercios-y-colegios-asi-se-vivio-el-apagon-en-benidorm-y-asi-ha-vuelto-la-normalidad\/"},"modified":"2025-04-29T15:43:58","modified_gmt":"2025-04-29T13:43:58","slug":"hoteles-bares-comercios-y-colegios-asi-se-vivio-el-apagon-en-benidorm-y-asi-ha-vuelto-la-normalidad","status":"publish","type":"post","link":"https:\/\/serbenidorm.daliisolutions.com\/index.php\/2025\/04\/29\/hoteles-bares-comercios-y-colegios-asi-se-vivio-el-apagon-en-benidorm-y-asi-ha-vuelto-la-normalidad\/","title":{"rendered":"Hoteles, bares, comercios y colegios: As\u00ed se vivi\u00f3 el apag\u00f3n en Benidorm y as\u00ed ha vuelto la normalidad"},"content":{"rendered":"  <p><div data-adtype=\"MLDB\"><\/div><\/p>   <p>Benidorm<\/p>   <p><a href=\"https:\/\/radiobenidorm.es\" target=\"_blank\" rel=\"nofollow\" title=\"https:\/\/radiobenidorm.es\">Hoy por Hoy Benidorm<\/a> ha emitido un programa especial sobre el apag\u00f3n que afect\u00f3 a toda Espa\u00f1a y ha hablado con los sectores productivos para saber c\u00f3mo lo vivieron y c\u00f3mo han recuperado la normalidad. <\/p>   <p>En el d\u00eda despu\u00e9s de que Espa\u00f1a se fuera a negro y, con ella, nosotros tambi\u00e9n, hemos querido saber c\u00f3mo se vivi\u00f3 en Benidorm y la Marina Baixa y contar las historias de algunos los protagonistas. <\/p>   <p>En un d\u00eda en el que, paseando por las calles de Benidorm, parece que no haya pasado nada pero es un d\u00eda en el que los ciudadanos somos m\u00e1s conscientes de lo dependientes que somos de las tecnolog\u00edas, de internet, de las tarjetas de cr\u00e9dito y de las aplicaciones m\u00f3viles. Ayer fue el d\u00eda en el que nos dimos cuenta de que nos quedamos sin electricidad y toda nuestra vida se trastoca. <\/p>   <p>Tambi\u00e9n nos dimos cuenta de que eso no lo es todo. Ayer fue el d\u00eda de rescatar el viejo transistor a pilas del caj\u00f3n de la mesilla de la abuela, o tambi\u00e9n de comprarlo y de comprar pilas, de buscar monedas y billetes, de pagar en cash o de agradecerle a nuestro comerciante o establecimiento de confianza que se sepa nuestro nombre y que nos fie el caf\u00e9 porque no llevamos efectivo o que nos haga algo para comer porque en nuestra casa aun no ha vuelto la luz.<\/p>   <p>Tambi\u00e9n fue el d\u00eda de poner la radio porque, una vez m\u00e1s, se demuestra que la radio siempre est\u00e1, para conectar a la gente con el mundo, donde nadie m\u00e1s llega. <\/p>   <p>Ayer cuando toda Espa\u00f1a estaba sumida en la oscuridad, la radio puso un poco de luz y volvi\u00f3, como anta\u00f1o, a reunir a toda la familia en el sal\u00f3n en torno a un transistor para saber y entender qu\u00e9 pasaba y, sobre todo, tratar de vislumbrar qu\u00e9 es lo que va a pasar. <\/p>   <p>La radio cuenta historias y la historia ayer era que todos nos quedamos a oscuras. Pero como siempre hay luz al final del t\u00fanel, hoy seguimos contando historias y hemos querido contar c\u00f3mo nos hemos levantado. C\u00f3mo Benidorm y la Marina Baixa, resiliente, se ha puesto en marcha y sigue con la vida en las calles. <\/p>   <p>El agente de la Polic\u00eda Local, Javier Recio, nos ha contado c\u00f3mo la poblaci\u00f3n hizo gala de un comportamiento c\u00edvico y como los agentes se pusieron de inmediato a regular el tr\u00e1fico ante la ausencia de red semaf\u00f3rica.<\/p>   <p><div class=\"c-mul-sc\"><div id=\"player-1745927143444\" class=\"c-player-audio\">&lt;button class=&quot;bt-play&quot; data-audioid=&quot;1745927143444&quot; data-type=&quot;aod&quot; data-description=&quot;<p>La Polic\u00eda Local se encarg\u00f3 de regular el tr\u00e1fico y prestar apoyo a Bomberos ante incidencias en ascensores o acompa\u00f1amientos a personas mayores con movilidad reducida<\/p>\u00bb data-accountname=\u00bbplayser\u00bb&gt;<\/button><div class=\"c-copiado\"><p>El c\u00f3digo iframe se ha copiado en el portapapeles<\/p><\/div><div class=\"d-audio\"><p class=\"tit\">Javier Recio, Polic\u00eda Local de Benidorm, sobre el tr\u00e1fico y restablecimiento de la red semaf\u00f3rica<\/p><div class=\"b-pro\"><span class=\"progreso\"><\/span><\/div><div class=\"c-times\"><span class=\"t-progreso\">00:00:00<\/span><span class=\"t-total-audio\">03:56<\/span><\/div><\/div><button class=\"bt-op\"><\/button><div class=\"c-opciones c-comun\"><a href=\"https:\/\/prisa-es.mc.tritondigital.com\/RADIO_BENIDORM_CADENASER_3154_P\/media\/mcv\/playser\/multimedia\/20250429\/4447825_114610_audio_128.mp3?dist=cadenaser-web-tfp-permanente&amp;csegid=22000&amp;dl=1\" class=\"bt-down\">Descargar<\/a><button class=\"bt-share\">Compartir<\/button><button class=\"bt-close\">Cerrar<\/button><\/div><div class=\"c-opciones c-share\"><button class=\"bt-fb\" data-ssnn=\"facebook\" data-url=\"https:\/\/cadenaser.com\/comunitat-valenciana\/2025\/04\/29\/hoteles-bares-comercios-y-colegios-asi-se-vivio-el-apagon-en-benidorm-y-asi-ha-vuelto-la-normalidad-radio-benidorm\/\" data-title=\"Javier Recio, Polic\u00eda Local de Benidorm, sobre el tr\u00e1fico y restablecimiento de la red semaf\u00f3rica\">Facebook<\/button><button class=\"bt-tw\" data-ssnn=\"twitter\" data-url=\"https:\/\/cadenaser.com\/comunitat-valenciana\/2025\/04\/29\/hoteles-bares-comercios-y-colegios-asi-se-vivio-el-apagon-en-benidorm-y-asi-ha-vuelto-la-normalidad-radio-benidorm\/\" data-title=\"Javier Recio, Polic\u00eda Local de Benidorm, sobre el tr\u00e1fico y restablecimiento de la red semaf\u00f3rica\">Twitter<\/button><button class=\"bt-li\" data-ssnn=\"linkedin\" data-url=\"https:\/\/cadenaser.com\/comunitat-valenciana\/2025\/04\/29\/hoteles-bares-comercios-y-colegios-asi-se-vivio-el-apagon-en-benidorm-y-asi-ha-vuelto-la-normalidad-radio-benidorm\/\" data-title=\"Javier Recio, Polic\u00eda Local de Benidorm, sobre el tr\u00e1fico y restablecimiento de la red semaf\u00f3rica\">Linkedin<\/button><button class=\"bt-wh\" data-ssnn=\"whatsapp\" data-url=\"https:\/\/cadenaser.com\/comunitat-valenciana\/2025\/04\/29\/hoteles-bares-comercios-y-colegios-asi-se-vivio-el-apagon-en-benidorm-y-asi-ha-vuelto-la-normalidad-radio-benidorm\/\" data-title=\"Javier Recio, Polic\u00eda Local de Benidorm, sobre el tr\u00e1fico y restablecimiento de la red semaf\u00f3rica\">WhatsApp<\/button><button class=\"bt-close\">Cerrar<\/button><\/div><\/div><\/div><\/p>   <p>Mayte Garc\u00eda, directora ejecutiva de HOSBEC, afirma que \u201cgracias a los generadores\u201d los hoteles se convirtieron en \u201cun lugar seguro para los turistas\u201d y que no se ha registrado ninguna cancelaci\u00f3n como consecuencia del apag\u00f3n. Adem\u00e1s fueron de los primeros en recuperar la total normalidad. <\/p>   <p><div class=\"c-mul-sc\"><div id=\"player-1745925619647\" class=\"c-player-audio\">&lt;button class=&quot;bt-play&quot; data-audioid=&quot;1745925619647&quot; data-type=&quot;aod&quot; data-description=&quot;<p>Los hoteles de Benidorm recuperan la normalidad<\/p>\u00bb data-accountname=\u00bbplayser\u00bb&gt;<\/button><div class=\"c-copiado\"><p>El c\u00f3digo iframe se ha copiado en el portapapeles<\/p><\/div><div class=\"d-audio\"><p class=\"tit\">Mayte Garc\u00eda, directora ejecutiva de Hosbec, sobre el apag\u00f3n en los hoteles<\/p><div class=\"b-pro\"><span class=\"progreso\"><\/span><\/div><div class=\"c-times\"><span class=\"t-progreso\">00:00:00<\/span><span class=\"t-total-audio\">06:24<\/span><\/div><\/div><button class=\"bt-op\"><\/button><div class=\"c-opciones c-comun\"><a href=\"https:\/\/prisa-es.mc.tritondigital.com\/RADIO_BENIDORM_CADENASER_3154_P\/media\/mcv\/playser\/multimedia\/20250429\/4447776_112047_audio_128.mp3?dist=cadenaser-web-tfp-permanente&amp;csegid=22000&amp;dl=1\" class=\"bt-down\">Descargar<\/a><button class=\"bt-share\">Compartir<\/button><button class=\"bt-close\">Cerrar<\/button><\/div><div class=\"c-opciones c-share\"><button class=\"bt-fb\" data-ssnn=\"facebook\" data-url=\"https:\/\/cadenaser.com\/comunitat-valenciana\/2025\/04\/29\/hoteles-bares-comercios-y-colegios-asi-se-vivio-el-apagon-en-benidorm-y-asi-ha-vuelto-la-normalidad-radio-benidorm\/\" data-title=\"Mayte Garc\u00eda, directora ejecutiva de Hosbec, sobre el apag\u00f3n en los hoteles\">Facebook<\/button><button class=\"bt-tw\" data-ssnn=\"twitter\" data-url=\"https:\/\/cadenaser.com\/comunitat-valenciana\/2025\/04\/29\/hoteles-bares-comercios-y-colegios-asi-se-vivio-el-apagon-en-benidorm-y-asi-ha-vuelto-la-normalidad-radio-benidorm\/\" data-title=\"Mayte Garc\u00eda, directora ejecutiva de Hosbec, sobre el apag\u00f3n en los hoteles\">Twitter<\/button><button class=\"bt-li\" data-ssnn=\"linkedin\" data-url=\"https:\/\/cadenaser.com\/comunitat-valenciana\/2025\/04\/29\/hoteles-bares-comercios-y-colegios-asi-se-vivio-el-apagon-en-benidorm-y-asi-ha-vuelto-la-normalidad-radio-benidorm\/\" data-title=\"Mayte Garc\u00eda, directora ejecutiva de Hosbec, sobre el apag\u00f3n en los hoteles\">Linkedin<\/button><button class=\"bt-wh\" data-ssnn=\"whatsapp\" data-url=\"https:\/\/cadenaser.com\/comunitat-valenciana\/2025\/04\/29\/hoteles-bares-comercios-y-colegios-asi-se-vivio-el-apagon-en-benidorm-y-asi-ha-vuelto-la-normalidad-radio-benidorm\/\" data-title=\"Mayte Garc\u00eda, directora ejecutiva de Hosbec, sobre el apag\u00f3n en los hoteles\">WhatsApp<\/button><button class=\"bt-close\">Cerrar<\/button><\/div><\/div><\/div><\/p>   <p>En la hosteler\u00eda se vivi\u00f3 la situaci\u00f3n \u201cde forma muy desigual\u201d seg\u00fan las zonas, tal y como ha contado el portavoz de ABRECA, \u00c1lex Fratini. \u201cMientras en algunas zonas del centro el suministro volvi\u00f3 a las cinco de la tarde y se pudo dar cenas a muchos vecinos que segu\u00edan sin luz y no pod\u00edan cocinar, en otras zonas no hubo luz hasta casi la una de la madrugada y estamos a\u00fan valorando da\u00f1os en maquinaria y en alimentos perecederos que hemos tenido que tirar. En algunas zonas se vivi\u00f3 como un aut\u00e9ntico caos\u201d, explica. <\/p>   <p><div class=\"c-mul-sc\"><div id=\"player-1745926884623\" class=\"c-player-audio\"><button class=\"bt-play\" data-audioid=\"1745926884623\" data-type=\"aod\" data-description=\"Los hosteleros comienzan ahora a valorar los da\u00f1os en sus instalaciones y productos perecederos\" data-accountname=\"playser\"><\/button><div class=\"c-copiado\"><p>El c\u00f3digo iframe se ha copiado en el portapapeles<\/p><\/div><div class=\"d-audio\"><p class=\"tit\">\u00c1lex Fratini, portavoz de ABRECA sobre el apag\u00f3n en la hosteler\u00eda<\/p><div class=\"b-pro\"><span class=\"progreso\"><\/span><\/div><div class=\"c-times\"><span class=\"t-progreso\">00:00:00<\/span><span class=\"t-total-audio\">05:14<\/span><\/div><\/div><button class=\"bt-op\"><\/button><div class=\"c-opciones c-comun\"><a href=\"https:\/\/prisa-es.mc.tritondigital.com\/RADIO_BENIDORM_CADENASER_3154_P\/media\/mcv\/playser\/multimedia\/20250429\/4447818_114146_audio_128.mp3?dist=cadenaser-web-tfp-permanente&amp;csegid=22000&amp;dl=1\" class=\"bt-down\">Descargar<\/a><button class=\"bt-share\">Compartir<\/button><button class=\"bt-close\">Cerrar<\/button><\/div><div class=\"c-opciones c-share\"><button class=\"bt-fb\" data-ssnn=\"facebook\" data-url=\"https:\/\/cadenaser.com\/comunitat-valenciana\/2025\/04\/29\/hoteles-bares-comercios-y-colegios-asi-se-vivio-el-apagon-en-benidorm-y-asi-ha-vuelto-la-normalidad-radio-benidorm\/\" data-title=\"\u00c1lex Fratini, portavoz de ABRECA sobre el apag\u00f3n en la hosteler\u00eda\">Facebook<\/button><button class=\"bt-tw\" data-ssnn=\"twitter\" data-url=\"https:\/\/cadenaser.com\/comunitat-valenciana\/2025\/04\/29\/hoteles-bares-comercios-y-colegios-asi-se-vivio-el-apagon-en-benidorm-y-asi-ha-vuelto-la-normalidad-radio-benidorm\/\" data-title=\"\u00c1lex Fratini, portavoz de ABRECA sobre el apag\u00f3n en la hosteler\u00eda\">Twitter<\/button><button class=\"bt-li\" data-ssnn=\"linkedin\" data-url=\"https:\/\/cadenaser.com\/comunitat-valenciana\/2025\/04\/29\/hoteles-bares-comercios-y-colegios-asi-se-vivio-el-apagon-en-benidorm-y-asi-ha-vuelto-la-normalidad-radio-benidorm\/\" data-title=\"\u00c1lex Fratini, portavoz de ABRECA sobre el apag\u00f3n en la hosteler\u00eda\">Linkedin<\/button><button class=\"bt-wh\" data-ssnn=\"whatsapp\" data-url=\"https:\/\/cadenaser.com\/comunitat-valenciana\/2025\/04\/29\/hoteles-bares-comercios-y-colegios-asi-se-vivio-el-apagon-en-benidorm-y-asi-ha-vuelto-la-normalidad-radio-benidorm\/\" data-title=\"\u00c1lex Fratini, portavoz de ABRECA sobre el apag\u00f3n en la hosteler\u00eda\">WhatsApp<\/button><button class=\"bt-close\">Cerrar<\/button><\/div><\/div><\/div><\/p>   <p>La hosteler\u00eda est\u00e1 pendiente ahora de esa valoraci\u00f3n de da\u00f1os y de ver c\u00f3mo las compa\u00f1\u00edas aseguradoras podr\u00e1n responder. <\/p>   <p>El comercio tambi\u00e9n tuvo un comportamiento desigual por zonas. El presidente de AICO, Ra\u00fal Parra, explica que \u201ca primera hora los comercios permanecieron abiertos y mientras los dat\u00e1fonos estuvieron cargados se pudo trabajar. Los que no pudieron, apuntaron a mano los pagos en efectivos y muchos comercios cerraron por la tarde ante la imposibilidad de cobrar a sus clientes y por la falta de luz\u201d. Otros, en cambio, incrementaron sus ventas sobre todo de transistores a pilas y de hornillos o camping gas. En cualquier caso la normalidad se ha restablecido a primera hora de la ma\u00f1ana.<\/p>   <p><div class=\"c-mul-sc\"><div id=\"player-1745927011642\" class=\"c-player-audio\">&lt;button class=&quot;bt-play&quot; data-audioid=&quot;1745927011642&quot; data-type=&quot;aod&quot; data-description=&quot;<p>Muchos comercios cerraron sus puertas por la tarde aunque han recuperado la normalidad a primera hora<\/p>\u00bb data-accountname=\u00bbplayser\u00bb&gt;<\/button><div class=\"c-copiado\"><p>El c\u00f3digo iframe se ha copiado en el portapapeles<\/p><\/div><div class=\"d-audio\"><p class=\"tit\">Ra\u00fal Parra, presidente de AICO sobre el apag\u00f3n en el comercio<\/p><div class=\"b-pro\"><span class=\"progreso\"><\/span><\/div><div class=\"c-times\"><span class=\"t-progreso\">00:00:00<\/span><span class=\"t-total-audio\">08:57<\/span><\/div><\/div><button class=\"bt-op\"><\/button><div class=\"c-opciones c-comun\"><a href=\"https:\/\/prisa-es.mc.tritondigital.com\/RADIO_BENIDORM_CADENASER_3154_P\/media\/mcv\/playser\/multimedia\/20250429\/4447820_114345_audio_128.mp3?dist=cadenaser-web-tfp-permanente&amp;csegid=22000&amp;dl=1\" class=\"bt-down\">Descargar<\/a><button class=\"bt-share\">Compartir<\/button><button class=\"bt-close\">Cerrar<\/button><\/div><div class=\"c-opciones c-share\"><button class=\"bt-fb\" data-ssnn=\"facebook\" data-url=\"https:\/\/cadenaser.com\/comunitat-valenciana\/2025\/04\/29\/hoteles-bares-comercios-y-colegios-asi-se-vivio-el-apagon-en-benidorm-y-asi-ha-vuelto-la-normalidad-radio-benidorm\/\" data-title=\"Ra\u00fal Parra, presidente de AICO sobre el apag\u00f3n en el comercio\">Facebook<\/button><button class=\"bt-tw\" data-ssnn=\"twitter\" data-url=\"https:\/\/cadenaser.com\/comunitat-valenciana\/2025\/04\/29\/hoteles-bares-comercios-y-colegios-asi-se-vivio-el-apagon-en-benidorm-y-asi-ha-vuelto-la-normalidad-radio-benidorm\/\" data-title=\"Ra\u00fal Parra, presidente de AICO sobre el apag\u00f3n en el comercio\">Twitter<\/button><button class=\"bt-li\" data-ssnn=\"linkedin\" data-url=\"https:\/\/cadenaser.com\/comunitat-valenciana\/2025\/04\/29\/hoteles-bares-comercios-y-colegios-asi-se-vivio-el-apagon-en-benidorm-y-asi-ha-vuelto-la-normalidad-radio-benidorm\/\" data-title=\"Ra\u00fal Parra, presidente de AICO sobre el apag\u00f3n en el comercio\">Linkedin<\/button><button class=\"bt-wh\" data-ssnn=\"whatsapp\" data-url=\"https:\/\/cadenaser.com\/comunitat-valenciana\/2025\/04\/29\/hoteles-bares-comercios-y-colegios-asi-se-vivio-el-apagon-en-benidorm-y-asi-ha-vuelto-la-normalidad-radio-benidorm\/\" data-title=\"Ra\u00fal Parra, presidente de AICO sobre el apag\u00f3n en el comercio\">WhatsApp<\/button><button class=\"bt-close\">Cerrar<\/button><\/div><\/div><\/div><\/p>   <p> En el caso de los centros educativos, la directora del IES L\u2019Almadrava de Benidorm, Ana Tom\u00e1s explica que \u201chemos registrado una menor afluencia de alumnos\u201d dado que la jornada no era lectiva aunque los centros han estado abiertos. \u201cNo ha habido ex\u00e1menes pero s\u00ed hemos dado clases de repaso y ayudado a los alumnos a que no pierdan la jornada por completo\u201d asegura. Adem\u00e1s indica que el personal, a la llegada al centro, ha encontrado una situaci\u00f3n de \u201ctotal normalidad\u201d en las instalaciones y suministros. \u201cS\u00ed ha sido tema habitual de tertulia por los pasillos la situaci\u00f3n de ayer, sobre todo entre el alumnado que vivi\u00f3 la ausencia de internet de forma muy intensa\u201d, relata. <\/p>   <p><div class=\"c-mul-sc\"><div id=\"player-1745928311642\" class=\"c-player-audio\">&lt;button class=&quot;bt-play&quot; data-audioid=&quot;1745928311642&quot; data-type=&quot;aod&quot; data-description=&quot;<p>El centro educativo ha registrado una menor afluencia de alumnos al tratarse de una jornada no lectiva<\/p>\u00bb data-accountname=\u00bbplayser\u00bb&gt;<\/button><div class=\"c-copiado\"><p>El c\u00f3digo iframe se ha copiado en el portapapeles<\/p><\/div><div class=\"d-audio\"><p class=\"tit\">Ana Tom\u00e1s directora del Ies L&#8217;Almadrava de Benidorm sobre el apag\u00f3n<\/p><div class=\"b-pro\"><span class=\"progreso\"><\/span><\/div><div class=\"c-times\"><span class=\"t-progreso\">00:00:00<\/span><span class=\"t-total-audio\">03:26<\/span><\/div><\/div><button class=\"bt-op\"><\/button><div class=\"c-opciones c-comun\"><a href=\"https:\/\/prisa-es.mc.tritondigital.com\/RADIO_BENIDORM_CADENASER_3154_P\/media\/mcv\/playser\/multimedia\/20250429\/4447865_120540_audio_128.mp3?dist=cadenaser-web-tfp-permanente&amp;csegid=22000&amp;dl=1\" class=\"bt-down\">Descargar<\/a><button class=\"bt-share\">Compartir<\/button><button class=\"bt-close\">Cerrar<\/button><\/div><div class=\"c-opciones c-share\"><button class=\"bt-fb\" data-ssnn=\"facebook\" data-url=\"https:\/\/cadenaser.com\/comunitat-valenciana\/2025\/04\/29\/hoteles-bares-comercios-y-colegios-asi-se-vivio-el-apagon-en-benidorm-y-asi-ha-vuelto-la-normalidad-radio-benidorm\/\" data-title=\"Ana Tom\u00e1s directora del Ies L'Almadrava de Benidorm sobre el apag\u00f3n\">Facebook<\/button><button class=\"bt-tw\" data-ssnn=\"twitter\" data-url=\"https:\/\/cadenaser.com\/comunitat-valenciana\/2025\/04\/29\/hoteles-bares-comercios-y-colegios-asi-se-vivio-el-apagon-en-benidorm-y-asi-ha-vuelto-la-normalidad-radio-benidorm\/\" data-title=\"Ana Tom\u00e1s directora del Ies L'Almadrava de Benidorm sobre el apag\u00f3n\">Twitter<\/button><button class=\"bt-li\" data-ssnn=\"linkedin\" data-url=\"https:\/\/cadenaser.com\/comunitat-valenciana\/2025\/04\/29\/hoteles-bares-comercios-y-colegios-asi-se-vivio-el-apagon-en-benidorm-y-asi-ha-vuelto-la-normalidad-radio-benidorm\/\" data-title=\"Ana Tom\u00e1s directora del Ies L'Almadrava de Benidorm sobre el apag\u00f3n\">Linkedin<\/button><button class=\"bt-wh\" data-ssnn=\"whatsapp\" data-url=\"https:\/\/cadenaser.com\/comunitat-valenciana\/2025\/04\/29\/hoteles-bares-comercios-y-colegios-asi-se-vivio-el-apagon-en-benidorm-y-asi-ha-vuelto-la-normalidad-radio-benidorm\/\" data-title=\"Ana Tom\u00e1s directora del Ies L'Almadrava de Benidorm sobre el apag\u00f3n\">WhatsApp<\/button><button class=\"bt-close\">Cerrar<\/button><\/div><\/div><\/div><\/p>   <p>Por \u00faltimo, hemos hablado con Arancha, que regenta un bar-cafeter\u00eda en pleno centro de Benidorm y nos ha contado que \u201chasta \u00faltima hora fue un poco caos porque no pod\u00edamos bajar la persiana, porque es el\u00e9ctrica, y no nos pod\u00edamos ir sin cerrar las c\u00e1maras\u201d. A\u00fan as\u00ed se considera \u201cuna afortunada\u201d porque a no ha sufrido p\u00e9rdidas econ\u00f3micas ni de productos perecederos y a su llegada al establecimiento esta ma\u00f1ana todo funcionaba con normalidad. Tambi\u00e9n relata sentirse satisfecha de \u201chaber podido servir comidas a mis clientes que no ten\u00edan electricidad ni qu\u00e9 comer en sus casas\u201d y admite que aunque los dat\u00e1fonos no funcionaban, ella ha fiado a sus clientes. <\/p>   <p><div class=\"c-mul-sc\"><div id=\"player-1745928093154\" class=\"c-player-audio\">&lt;button class=&quot;bt-play&quot; data-audioid=&quot;1745928093154&quot; data-type=&quot;aod&quot; data-description=&quot;<p>Arancha tiene una cafeter\u00eda en el centro de Benidorm, se considera \u00abuna privilegiada\u00bb porque no ha sufrido p\u00e9rdida de productos perecederos y explica que ha fiado a sus clientes que no dispon\u00edan de efectivo<\/p>\u00bb data-accountname=\u00bbplayser\u00bb&gt;<\/button><div class=\"c-copiado\"><p>El c\u00f3digo iframe se ha copiado en el portapapeles<\/p><\/div><div class=\"d-audio\"><p class=\"tit\">Arancha hostelera de Benidorm: \u00abHe fiado a mis clientes y no pod\u00eda bajar la persiana\u00bb<\/p><div class=\"b-pro\"><span class=\"progreso\"><\/span><\/div><div class=\"c-times\"><span class=\"t-progreso\">00:00:00<\/span><span class=\"t-total-audio\">02:37<\/span><\/div><\/div><button class=\"bt-op\"><\/button><div class=\"c-opciones c-comun\"><a href=\"https:\/\/prisa-es.mc.tritondigital.com\/RADIO_BENIDORM_CADENASER_3154_P\/media\/mcv\/playser\/multimedia\/20250429\/4447858_120231_audio_128.mp3?dist=cadenaser-web-tfp-permanente&amp;csegid=22000&amp;dl=1\" class=\"bt-down\">Descargar<\/a><button class=\"bt-share\">Compartir<\/button><button class=\"bt-close\">Cerrar<\/button><\/div><div class=\"c-opciones c-share\"><button class=\"bt-fb\" data-ssnn=\"facebook\" data-url=\"https:\/\/cadenaser.com\/comunitat-valenciana\/2025\/04\/29\/hoteles-bares-comercios-y-colegios-asi-se-vivio-el-apagon-en-benidorm-y-asi-ha-vuelto-la-normalidad-radio-benidorm\/\">Facebook<\/button><button class=\"bt-tw\" data-ssnn=\"twitter\" data-url=\"https:\/\/cadenaser.com\/comunitat-valenciana\/2025\/04\/29\/hoteles-bares-comercios-y-colegios-asi-se-vivio-el-apagon-en-benidorm-y-asi-ha-vuelto-la-normalidad-radio-benidorm\/\">Twitter<\/button><button class=\"bt-li\" data-ssnn=\"linkedin\" data-url=\"https:\/\/cadenaser.com\/comunitat-valenciana\/2025\/04\/29\/hoteles-bares-comercios-y-colegios-asi-se-vivio-el-apagon-en-benidorm-y-asi-ha-vuelto-la-normalidad-radio-benidorm\/\">Linkedin<\/button><button class=\"bt-wh\" data-ssnn=\"whatsapp\" data-url=\"https:\/\/cadenaser.com\/comunitat-valenciana\/2025\/04\/29\/hoteles-bares-comercios-y-colegios-asi-se-vivio-el-apagon-en-benidorm-y-asi-ha-vuelto-la-normalidad-radio-benidorm\/\">WhatsApp<\/button><button class=\"bt-close\">Cerrar<\/button><\/div><\/div><\/div><\/p>   <p> <\/p> ","protected":false},"excerpt":{"rendered":"<p>Los sectores productivos comienzan a analizar consecuencias del corte del suministro<\/p>\n","protected":false},"author":0,"featured_media":14613,"comment_status":"open","ping_status":"open","sticky":false,"template":"","format":"standard","meta":{"_acf_changed":false,"footnotes":""},"categories":[1],"tags":[],"class_list":["post-14612","post","type-post","status-publish","format-standard","has-post-thumbnail","hentry","category-sin-categoria"],"acf":{"ser_id":"K6SGR76MTBAALGXDVDHFZSIXLU","ser_url":"https:\/\/cadenaser.com\/comunitat-valenciana\/2025\/04\/29\/hoteles-bares-comercios-y-colegios-asi-se-vivio-el-apagon-en-benidorm-y-asi-ha-vuelto-la-normalidad-radio-benidorm\/"},"_links":{"self":[{"href":"https:\/\/serbenidorm.daliisolutions.com\/index.php\/wp-json\/wp\/v2\/posts\/14612","targetHints":{"allow":["GET"]}}],"collection":[{"href":"https:\/\/serbenidorm.daliisolutions.com\/index.php\/wp-json\/wp\/v2\/posts"}],"about":[{"href":"https:\/\/serbenidorm.daliisolutions.com\/index.php\/wp-json\/wp\/v2\/types\/post"}],"replies":[{"embeddable":true,"href":"https:\/\/serbenidorm.daliisolutions.com\/index.php\/wp-json\/wp\/v2\/comments?post=14612"}],"version-history":[{"count":0,"href":"https:\/\/serbenidorm.daliisolutions.com\/index.php\/wp-json\/wp\/v2\/posts\/14612\/revisions"}],"wp:featuredmedia":[{"embeddable":true,"href":"https:\/\/serbenidorm.daliisolutions.com\/index.php\/wp-json\/wp\/v2\/media\/14613"}],"wp:attachment":[{"href":"https:\/\/serbenidorm.daliisolutions.com\/index.php\/wp-json\/wp\/v2\/media?parent=14612"}],"wp:term":[{"taxonomy":"category","embeddable":true,"href":"https:\/\/serbenidorm.daliisolutions.com\/index.php\/wp-json\/wp\/v2\/categories?post=14612"},{"taxonomy":"post_tag","embeddable":true,"href":"https:\/\/serbenidorm.daliisolutions.com\/index.php\/wp-json\/wp\/v2\/tags?post=14612"}],"curies":[{"name":"wp","href":"https:\/\/api.w.org\/{rel}","templated":true}]}}