{"id":14621,"date":"2025-04-29T19:18:43","date_gmt":"2025-04-29T17:18:43","guid":{"rendered":"https:\/\/serbenidorm.daliisolutions.com\/index.php\/2025\/04\/29\/sin-cerveza-en-benidorm-la-portada-tras-el-apagon-de-uno-de-los-periodicos-mas-leidos-en-reino-unido\/"},"modified":"2025-04-29T19:18:43","modified_gmt":"2025-04-29T17:18:43","slug":"sin-cerveza-en-benidorm-la-portada-tras-el-apagon-de-uno-de-los-periodicos-mas-leidos-en-reino-unido","status":"publish","type":"post","link":"https:\/\/serbenidorm.daliisolutions.com\/index.php\/2025\/04\/29\/sin-cerveza-en-benidorm-la-portada-tras-el-apagon-de-uno-de-los-periodicos-mas-leidos-en-reino-unido\/","title":{"rendered":"\u00abSin cerveza en Benidorm\u00bb: la portada tras el apag\u00f3n de uno de los peri\u00f3dicos m\u00e1s le\u00eddos en Reino Unido"},"content":{"rendered":"  <p><div data-adtype=\"MLDB\"><\/div><\/p>   <p>Benidorm<\/p>   <p>Hay titulares sensacionalistas y despu\u00e9s est\u00e1 el que el tabloide brit\u00e1nico <i>The Sun<\/i> ha regalado este martes a sus lectores para informar en su portada del gran apag\u00f3n que sufrieron durante la mayor parte del lunes Espa\u00f1a y Portugal: \u00abNo beer in Benidorm\u00bb (\u00abSin cerveza en Benidorm\u00bb).<\/p>   <p>La noticia, al menos en su primera plana, est\u00e1 centrada en la hosteler\u00eda y acompa\u00f1ada del chiste de un turista del pa\u00eds de vacaciones en la ciudad: \u00ab<a href=\"https:\/\/www.thesun.co.uk\/news\/34686785\/power-outage-spain-portugal-europe-madrid\/\" target=\"_blank\" rel=\"nofollow\" title=\"https:\/\/www.thesun.co.uk\/news\/34686785\/power-outage-spain-portugal-europe-madrid\/\">Bloody beer&#8217;s warm. Any chance of sorting this out Spain I can&#8217;t drink warm beer in Benidorm<\/a>\u00ab, lamentando la temperatura de la bebida favorita de los viajeros ingleses y pregunt\u00e1ndose por una soluci\u00f3n.<\/p>  <p><p>M\u00e1s informaci\u00f3n<\/p><figure><img loading=\"lazy\" decoding=\"async\" src=\"https:\/\/cadenaser.com\/resizer\/v2\/KPPDZP3PDBHD5POJMOC2IB3OFQ.jpeg?auth=a23ed45924bb27acb5e63308afb594762a15f8cfc39c611ee9cb5559d048d9ac&amp;quality=70&amp;width=360&amp;height=202&amp;smart=true\" width=\"820\" height=\"621\" \/><\/figure><ul><li><a href=\"https:\/\/cadenaser.com\/comunitat-valenciana\/2025\/04\/29\/apagon-en-la-marina-baixa-benidorm-ha-respondido-magnificamente-bien-radio-benidorm\/\"><span>Apag\u00f3n en la Marina Baixa: \u201cBenidorm ha respondido magn\u00edficamente bien\u201d<\/span><\/a><\/li><\/ul><\/p>   <p>Iron\u00eda aparte lo cierto es que buena parte de los hoteles y pares de la capital tur\u00edstica de la Comunitat Valenciana solventaron las horas de corte del suministro con bastante solvencia, ya que los alojamientos tienen en su mayor\u00eda generadores a gasolina y buena parte de los negocios de hosteler\u00eda, especialmente los de la conocida como &#8216;zona guiri&#8217;, en el Rinc\u00f3n de Loix, se mantuvieron abiertos durante todo el par\u00e9ntesis y no dejaron se servir ning\u00fan tipo de bebida, incluida la cerveza. <\/p>   <p><div class=\"oembed twitter\"><blockquote class=\"twitter-tweet\"><p lang=\"en\" dir=\"ltr\">Tomorrow&#8217;s front page: No beer in Benidorm <a href=\"https:\/\/t.co\/fsPgBbGFJC\">https:\/\/t.co\/fsPgBbGFJC<\/a> <a href=\"https:\/\/t.co\/YXf00Sa2i1\">pic.twitter.com\/YXf00Sa2i1<\/a><\/p>\u2014 The Sun (@TheSun) <a href=\"https:\/\/twitter.com\/TheSun\/status\/1916962607673598159?ref_src=twsrc%5Etfw\">April 28, 2025<\/a><\/blockquote>   <\/div><\/p>   <p>De hecho, y como ha se\u00f1alado en <a href=\"https:\/\/cadenaser.com\/tag\/benidorm\/a\/\" target=\"_blank\" rel=\"nofollow\" title=\"https:\/\/cadenaser.com\/tag\/benidorm\/a\/\">Hoy por Hoy Benidorm<\/a>, el portavoz de la Asociaci\u00f3n de Bares, Restaurantes y Cafeter\u00edas de Benidorm y Comarca (ABRECA), fueron los establecimientos de ese \u00e1rea de la ciudad, junto a la playa de Levante, los primeros en ver reestablecida la electricidad, con m\u00e1s de cinco horas de margen respecto a otros puntos.<\/p>   <p>Los hoteleros, a trav\u00e9s de su patronal (HOSBEC), han se\u00f1alado as\u00ed mismo que este hito no ha supuesto ning\u00fan n\u00famero significativo de cancelaci\u00f3n de cervezas, celebrando el mantenimiento de la operativa del Aeropuerto de Alicante &#8211; Elche Miguel Hern\u00e1ndez.<\/p>   <p>El gerente de Beniconnect, una de las principales empresas de <i>transfers <\/i>en toda la provincia, ha explicado que tuvieron dificultades para contactar con sus clientes pero que los listados impresos consiguieron salvar en parte el caos: \u00abAhora intentamos ayudar a los turoperadores a transportar a todo el mundo que no se pudo llevar ayer\u00bb, ha a\u00f1adido Juanjo P\u00e9rez Parker.<\/p> ","protected":false},"excerpt":{"rendered":"<p>El tabloide completa su primera p\u00e1gina con el chiste de un turista<\/p>\n","protected":false},"author":0,"featured_media":14622,"comment_status":"open","ping_status":"open","sticky":false,"template":"","format":"standard","meta":{"_acf_changed":false,"footnotes":""},"categories":[1],"tags":[],"class_list":["post-14621","post","type-post","status-publish","format-standard","has-post-thumbnail","hentry","category-sin-categoria"],"acf":{"ser_id":"UDOOUJOFLJH2LFIDBQFABANKXA","ser_url":"https:\/\/cadenaser.com\/comunitat-valenciana\/2025\/04\/29\/sin-cerveza-en-benidorm-la-portada-tras-el-apagon-de-uno-de-los-periodicos-mas-leidos-en-reino-unido-radio-benidorm\/"},"_links":{"self":[{"href":"https:\/\/serbenidorm.daliisolutions.com\/index.php\/wp-json\/wp\/v2\/posts\/14621","targetHints":{"allow":["GET"]}}],"collection":[{"href":"https:\/\/serbenidorm.daliisolutions.com\/index.php\/wp-json\/wp\/v2\/posts"}],"about":[{"href":"https:\/\/serbenidorm.daliisolutions.com\/index.php\/wp-json\/wp\/v2\/types\/post"}],"replies":[{"embeddable":true,"href":"https:\/\/serbenidorm.daliisolutions.com\/index.php\/wp-json\/wp\/v2\/comments?post=14621"}],"version-history":[{"count":0,"href":"https:\/\/serbenidorm.daliisolutions.com\/index.php\/wp-json\/wp\/v2\/posts\/14621\/revisions"}],"wp:featuredmedia":[{"embeddable":true,"href":"https:\/\/serbenidorm.daliisolutions.com\/index.php\/wp-json\/wp\/v2\/media\/14622"}],"wp:attachment":[{"href":"https:\/\/serbenidorm.daliisolutions.com\/index.php\/wp-json\/wp\/v2\/media?parent=14621"}],"wp:term":[{"taxonomy":"category","embeddable":true,"href":"https:\/\/serbenidorm.daliisolutions.com\/index.php\/wp-json\/wp\/v2\/categories?post=14621"},{"taxonomy":"post_tag","embeddable":true,"href":"https:\/\/serbenidorm.daliisolutions.com\/index.php\/wp-json\/wp\/v2\/tags?post=14621"}],"curies":[{"name":"wp","href":"https:\/\/api.w.org\/{rel}","templated":true}]}}