{"id":14639,"date":"2025-04-30T15:12:30","date_gmt":"2025-04-30T13:12:30","guid":{"rendered":"https:\/\/serbenidorm.daliisolutions.com\/index.php\/2025\/04\/30\/ies-pere-maria-de-benidorm-el-edificio-que-nunca-se-termino-sera-derribado-en-verano\/"},"modified":"2025-04-30T15:12:30","modified_gmt":"2025-04-30T13:12:30","slug":"ies-pere-maria-de-benidorm-el-edificio-que-nunca-se-termino-sera-derribado-en-verano","status":"publish","type":"post","link":"https:\/\/serbenidorm.daliisolutions.com\/index.php\/2025\/04\/30\/ies-pere-maria-de-benidorm-el-edificio-que-nunca-se-termino-sera-derribado-en-verano\/","title":{"rendered":"IES Pere Maria de Benidorm: el edificio que nunca se termin\u00f3 ser\u00e1 derribado en verano"},"content":{"rendered":"  <p><div data-adtype=\"MLDB\"><\/div><\/p>   <p>Benidorm<\/p>   <p>Casi 13 millones de euros para una obra de a\u00f1o y medio tras m\u00e1s de dos d\u00e9cadas con barracones. Este jueves se ha firmado el inicio oficial de los trabajos cuya fase m\u00e1s problem\u00e1tica ser\u00e1 <a href=\"https:\/\/cadenaser.com\/tag\/benidorm\/a\/\" target=\"_blank\" rel=\"nofollow\" title=\"https:\/\/cadenaser.com\/tag\/benidorm\/a\/\">tirar del edificio del IES Pere Maria Orts y Bosch de Benidorm que nunca se lleg\u00f3 a terminar<\/a>: se derribar\u00e1 durante este verano y la construcci\u00f3n de la nueva instalaci\u00f3n ir\u00e1 paralela al pr\u00f3ximo curso.<\/p>   <p>Aunque la maquinaria entr\u00f3 hace dos semanas, en plena pascua, el conseller de Educaci\u00f3n Jos\u00e9 Antonio Rovira ha concretado ahora, durante su visita, los primeros plazos a seguir para evitar en la medida posible la molestias de los estudiantes: \u00abMientras los alumnos est\u00e9n en clase lo que es manual y cuando a mitad de junio dejen de dar clase el derribo\u00bb.<\/p>  <p><p>M\u00e1s informaci\u00f3n<\/p><figure><img loading=\"lazy\" decoding=\"async\" src=\"https:\/\/cadenaser.com\/resizer\/v2\/XGG7G5SFWZFLPOT5LSC4CKBLQQ.jpg?auth=77abfc30705df4dbde3b86af2ceaf746ea87b78b5850522dea4f87377a779e86&amp;quality=70&amp;width=360&amp;height=202&amp;smart=true\" width=\"820\" height=\"621\" \/><\/figure><ul><li><a href=\"https:\/\/cadenaser.com\/comunitat-valenciana\/2025\/04\/29\/sin-cerveza-en-benidorm-la-portada-tras-el-apagon-de-uno-de-los-periodicos-mas-leidos-en-reino-unido-radio-benidorm\/\"><span>\u00abSin cerveza en Benidorm\u00bb: la portada tras el apag\u00f3n de uno de los peri\u00f3dicos m\u00e1s le\u00eddos en Reino Unido<\/span><\/a><\/li><\/ul><\/p>   <p>Pese a todo, ninguna obra es silenciosa, como ha expresado el director del centro Ignacio Gasc\u00f3n: \u00abAsumiremos las molestias e intentaremos coordinarnos con el Ayuntamiento para hacer cambios en las salidas, los ruidos ya sabemos lo que es porque lo vivimos con el otro edificio\u00bb.<\/p>   <p>El alcalde ha asegurado que ser\u00e1, cuando se termine en el curso 2026-2027, la mejor infraestructura educativa de la comarca: \u00abDerribo del primero de los edificios, de la ampliaci\u00f3n, y de la aparici\u00f3n del m\u00e1s innovador del complejo educativo y toda la comarca\u00bb, ha se\u00f1alado Toni P\u00e9rez.<\/p>   <p>Por su parte el portavoz adjunto de la oposici\u00f3n, el PSOE, ha criticado que el gobierno local no haya previsto un plan de movilidad para el conjunto del Salto del Agua. Sergi Castillo ha comunicado que han registrado una petici\u00f3n para que se elabore \u00abpor el problema de seguridad que puede generar para miles de alumnos\u00bb.<\/p>   <p>Tanto PSOE como Comprom\u00eds aprovechan para apuntar a un retraso de dos a\u00f1os en el arranque de la obra respecto al anuncio de la Generalitat. El diputado auton\u00f3mico valencianista, Gerar Fullana, ha a\u00f1adido que no hay nada que celebrar \u00abporque es un centro que hace muchos a\u00f1os que se tendr\u00edan que haber empezado las obras y no empezaron por el l\u00edo monumental en la planificaci\u00f3n de esta obra por el caso de corrupci\u00f3n de Ciegsa, con planos fantasma que no eran ejecutables\u00bb.<\/p>   <p>D\u00e9cadas de barracones<\/p>   <p>En 2009 se inici\u00f3 la reforma del antiguo edificio y la construcci\u00f3n de uno nuevo, momento en el que se pusieron los barracones para dar cabida a m\u00e1s escolares. Este proyecto se paraliz\u00f3 en 2011 con la instalaci\u00f3n casi terminada, la que ahora se va a tirar, porque la empresa quebr\u00f3. En 2018 otra mercantil retoma las obras, pero al poco las para por las graves deficiencias de esta estructura.<\/p> ","protected":false},"excerpt":{"rendered":"<p>18 meses de obras que tendr\u00e1n que convivir con los alumnos dando clase en barracones a pocos metros<\/p>\n","protected":false},"author":0,"featured_media":14640,"comment_status":"open","ping_status":"open","sticky":false,"template":"","format":"standard","meta":{"_acf_changed":false,"footnotes":""},"categories":[1],"tags":[],"class_list":["post-14639","post","type-post","status-publish","format-standard","has-post-thumbnail","hentry","category-sin-categoria"],"acf":{"ser_id":"QF5R3XNYHBH4NMAVQCBE75WNPE","ser_url":"https:\/\/cadenaser.com\/comunitat-valenciana\/2025\/04\/30\/ies-pere-maria-de-benidorm-el-edificio-que-nunca-se-termino-sera-derribado-en-verano-radio-benidorm\/"},"_links":{"self":[{"href":"https:\/\/serbenidorm.daliisolutions.com\/index.php\/wp-json\/wp\/v2\/posts\/14639","targetHints":{"allow":["GET"]}}],"collection":[{"href":"https:\/\/serbenidorm.daliisolutions.com\/index.php\/wp-json\/wp\/v2\/posts"}],"about":[{"href":"https:\/\/serbenidorm.daliisolutions.com\/index.php\/wp-json\/wp\/v2\/types\/post"}],"replies":[{"embeddable":true,"href":"https:\/\/serbenidorm.daliisolutions.com\/index.php\/wp-json\/wp\/v2\/comments?post=14639"}],"version-history":[{"count":0,"href":"https:\/\/serbenidorm.daliisolutions.com\/index.php\/wp-json\/wp\/v2\/posts\/14639\/revisions"}],"wp:featuredmedia":[{"embeddable":true,"href":"https:\/\/serbenidorm.daliisolutions.com\/index.php\/wp-json\/wp\/v2\/media\/14640"}],"wp:attachment":[{"href":"https:\/\/serbenidorm.daliisolutions.com\/index.php\/wp-json\/wp\/v2\/media?parent=14639"}],"wp:term":[{"taxonomy":"category","embeddable":true,"href":"https:\/\/serbenidorm.daliisolutions.com\/index.php\/wp-json\/wp\/v2\/categories?post=14639"},{"taxonomy":"post_tag","embeddable":true,"href":"https:\/\/serbenidorm.daliisolutions.com\/index.php\/wp-json\/wp\/v2\/tags?post=14639"}],"curies":[{"name":"wp","href":"https:\/\/api.w.org\/{rel}","templated":true}]}}