{"id":14641,"date":"2025-04-30T15:12:31","date_gmt":"2025-04-30T13:12:31","guid":{"rendered":"https:\/\/serbenidorm.daliisolutions.com\/index.php\/2025\/04\/30\/los-hoteles-de-benidorm-se-volveran-a-llenar-este-puente-de-mayo\/"},"modified":"2025-04-30T15:12:31","modified_gmt":"2025-04-30T13:12:31","slug":"los-hoteles-de-benidorm-se-volveran-a-llenar-este-puente-de-mayo","status":"publish","type":"post","link":"https:\/\/serbenidorm.daliisolutions.com\/index.php\/2025\/04\/30\/los-hoteles-de-benidorm-se-volveran-a-llenar-este-puente-de-mayo\/","title":{"rendered":"Los hoteles de Benidorm se volver\u00e1n a llenar este puente de mayo"},"content":{"rendered":"  <p><div data-adtype=\"MLDB\"><\/div><\/p>   <p>Benidorm<\/p>   <p>Los hoteles de Benidorm estar\u00e1n llenos al 87,7% durante este puente del 1 de mayo seg\u00fan las previsiones de la patronal hotelera HOSBEC. Es el segundo destino con mejores datos de toda la Comunitat Valenciana, solo superado por Calpe cuya previsi\u00f3n de ocupaci\u00f3n en estos momentos roza ya el 94%. <\/p>   <p>Los hoteleros califican este periodo de <a href=\"https:\/\/cadenaser.com\/tag\/benidorm\/a\/\" target=\"_blank\" rel=\"nofollow\" title=\"https:\/\/cadenaser.com\/tag\/benidorm\/a\/\">\u201cpuente de oro\u201d<\/a> puesto que la media de todos los destinos es de 84% y en algunos puntos la previsi\u00f3n de ocupaci\u00f3n se dispara hasta casi rozar el lleno t\u00e9cnico. <\/p>   <p>Tras Calpe y Benidorm se sit\u00faan destinos como Alicante ciudad con un\u00a086,7%, Val\u00e8ncia ciudad\u00a0con un 85,7%\u00a0o L&#8217;Alf\u00e0s del P\u00ed\u00a0con un 85,3%. En el caso de la provincia de Castell\u00f3n, las reservas est\u00e1n en el 73,1% pero HOSBEC considera que \u201ctodav\u00eda hay margen para las reservas de \u00faltima hora\u201d, sobre todo del mercado nacional que es el principal mercado que recibe este destino. <\/p>  <p><p>M\u00e1s informaci\u00f3n<\/p><figure><img loading=\"lazy\" decoding=\"async\" src=\"https:\/\/cadenaser.com\/resizer\/v2\/XGG7G5SFWZFLPOT5LSC4CKBLQQ.jpg?auth=77abfc30705df4dbde3b86af2ceaf746ea87b78b5850522dea4f87377a779e86&amp;quality=70&amp;width=360&amp;height=202&amp;smart=true\" width=\"820\" height=\"621\" \/><\/figure><ul><li><a href=\"https:\/\/cadenaser.com\/comunitat-valenciana\/2025\/04\/29\/sin-cerveza-en-benidorm-la-portada-tras-el-apagon-de-uno-de-los-periodicos-mas-leidos-en-reino-unido-radio-benidorm\/\"><span>\u00abSin cerveza en Benidorm\u00bb: la portada tras el apag\u00f3n de uno de los peri\u00f3dicos m\u00e1s le\u00eddos en Reino Unido<\/span><\/a><\/li><\/ul><\/p>   <p>El mercado de la Comunidad de Madrid ser\u00e1 uno de los principales mercados que escoja los destinos de la Comunitat para esta fechas debido a que, adem\u00e1s del festivo nacional del 1 de mayo, cuentan con el festivo auton\u00f3mico del d\u00eda 2. <\/p>   <p>Asimismo, HOSBEC destaca\u00a0tambi\u00e9n la relevancia del mercado internacional puesto que el 1 de mayo estivo laboral en la mayor parte de pa\u00edses europeos\u00a0\u201clo que ha hecho que se dispare tambi\u00e9n las reservas del mercado internacional\u201d. De hecho, este mercado alcanza ya el 40% del volumen de reservas y es el que ha disparado las cifras en destinos como Calpe, Benidorm, Valencia o Alicante. <\/p>   <p>Los buenos datos tambi\u00e9n los explica HOSBEC en las previsiones meteorol\u00f3gicas que auguran un buen tiempo en la mayor parte de la Comunitat, con d\u00edas despejados, nubes y claros y temperaturas entre de entre 22 y 26 grados.<\/p>   <p>Por otra parte la patronal hotelera se\u00f1ala que el apag\u00f3n energ\u00e9tico del pasado lunes no ha provocado cancelaciones ni ha afectado a las reservas de este puente.<\/p> ","protected":false},"excerpt":{"rendered":"<p>Es el segundo destino de la Comunitat Valenciana con m\u00e1s reservas tras Calpe<\/p>\n","protected":false},"author":0,"featured_media":14642,"comment_status":"open","ping_status":"open","sticky":false,"template":"","format":"standard","meta":{"_acf_changed":false,"footnotes":""},"categories":[1],"tags":[],"class_list":["post-14641","post","type-post","status-publish","format-standard","has-post-thumbnail","hentry","category-sin-categoria"],"acf":{"ser_id":"CTDUBNPYMZGQ3HBOSB6RDKIF2U","ser_url":"https:\/\/cadenaser.com\/comunitat-valenciana\/2025\/04\/30\/los-hoteles-de-benidorm-se-volveran-a-llenar-este-puente-de-mayo-radio-benidorm\/"},"_links":{"self":[{"href":"https:\/\/serbenidorm.daliisolutions.com\/index.php\/wp-json\/wp\/v2\/posts\/14641","targetHints":{"allow":["GET"]}}],"collection":[{"href":"https:\/\/serbenidorm.daliisolutions.com\/index.php\/wp-json\/wp\/v2\/posts"}],"about":[{"href":"https:\/\/serbenidorm.daliisolutions.com\/index.php\/wp-json\/wp\/v2\/types\/post"}],"replies":[{"embeddable":true,"href":"https:\/\/serbenidorm.daliisolutions.com\/index.php\/wp-json\/wp\/v2\/comments?post=14641"}],"version-history":[{"count":0,"href":"https:\/\/serbenidorm.daliisolutions.com\/index.php\/wp-json\/wp\/v2\/posts\/14641\/revisions"}],"wp:featuredmedia":[{"embeddable":true,"href":"https:\/\/serbenidorm.daliisolutions.com\/index.php\/wp-json\/wp\/v2\/media\/14642"}],"wp:attachment":[{"href":"https:\/\/serbenidorm.daliisolutions.com\/index.php\/wp-json\/wp\/v2\/media?parent=14641"}],"wp:term":[{"taxonomy":"category","embeddable":true,"href":"https:\/\/serbenidorm.daliisolutions.com\/index.php\/wp-json\/wp\/v2\/categories?post=14641"},{"taxonomy":"post_tag","embeddable":true,"href":"https:\/\/serbenidorm.daliisolutions.com\/index.php\/wp-json\/wp\/v2\/tags?post=14641"}],"curies":[{"name":"wp","href":"https:\/\/api.w.org\/{rel}","templated":true}]}}