{"id":14656,"date":"2025-04-30T18:10:28","date_gmt":"2025-04-30T16:10:28","guid":{"rendered":"https:\/\/serbenidorm.daliisolutions.com\/index.php\/2025\/04\/30\/especial-ascenso-asi-se-vivio-y-sono-el-ascenso-del-servigroup-playas-de-benidorm\/"},"modified":"2025-04-30T18:10:28","modified_gmt":"2025-04-30T16:10:28","slug":"especial-ascenso-asi-se-vivio-y-sono-el-ascenso-del-servigroup-playas-de-benidorm","status":"publish","type":"post","link":"https:\/\/serbenidorm.daliisolutions.com\/index.php\/2025\/04\/30\/especial-ascenso-asi-se-vivio-y-sono-el-ascenso-del-servigroup-playas-de-benidorm\/","title":{"rendered":"Especial ascenso: As\u00ed se vivi\u00f3 y son\u00f3 el ascenso del Servigroup Playas de Benidorm"},"content":{"rendered":"  <p><div data-adtype=\"MLDB\"><\/div><\/p>   <p>Benidorm<\/p>   <p>Durante cinco d\u00edas, desde el mi\u00e9rcoles hasta el domingo, el equipo masculino del Club Voleibol Playas de Benidorm escribi\u00f3, en la localidad madrile\u00f1a de Legan\u00e9s, una p\u00e1gina de oro del deporte de la ciudad y de toda la comarca de la Marina Baixa con la consecuci\u00f3n del ascenso a la Superliga Masculina de voleibol.<\/p>   <p>Radio Benidorm-SER fue parte de la expedici\u00f3n del Servigroup Playas de Benidorm y tuvo acceso privilegiado y sin restricciones a todo lo que all\u00ed se sinti\u00f3 y vivi\u00f3. Por ello, y para celebrar ese logro \u00fanico, pasada una semana del inicio de la aventura, emitimos un programa especial con el que pretendemos que toda la afici\u00f3n pueda revivir esos momentos \u00fanicos.<\/p> ","protected":false},"excerpt":{"rendered":"<p>SER Deportivos te lleva al coraz\u00f3n del ascenso a la m\u00e1xima categor\u00eda del v\u00f3ley nacional<\/p>\n","protected":false},"author":0,"featured_media":14657,"comment_status":"open","ping_status":"open","sticky":false,"template":"","format":"standard","meta":{"_acf_changed":false,"footnotes":""},"categories":[16],"tags":[],"class_list":["post-14656","post","type-post","status-publish","format-standard","has-post-thumbnail","hentry","category-deportes"],"acf":{"ser_id":"BNGRZKZWIFGKNNEHOXRP3FP3CA","ser_url":"https:\/\/cadenaser.com\/comunitat-valenciana\/2025\/04\/30\/especial-ascenso-asi-se-vivio-y-sono-el-ascenso-del-servigroup-playas-de-benidorm-radio-benidorm\/"},"_links":{"self":[{"href":"https:\/\/serbenidorm.daliisolutions.com\/index.php\/wp-json\/wp\/v2\/posts\/14656","targetHints":{"allow":["GET"]}}],"collection":[{"href":"https:\/\/serbenidorm.daliisolutions.com\/index.php\/wp-json\/wp\/v2\/posts"}],"about":[{"href":"https:\/\/serbenidorm.daliisolutions.com\/index.php\/wp-json\/wp\/v2\/types\/post"}],"replies":[{"embeddable":true,"href":"https:\/\/serbenidorm.daliisolutions.com\/index.php\/wp-json\/wp\/v2\/comments?post=14656"}],"version-history":[{"count":0,"href":"https:\/\/serbenidorm.daliisolutions.com\/index.php\/wp-json\/wp\/v2\/posts\/14656\/revisions"}],"wp:featuredmedia":[{"embeddable":true,"href":"https:\/\/serbenidorm.daliisolutions.com\/index.php\/wp-json\/wp\/v2\/media\/14657"}],"wp:attachment":[{"href":"https:\/\/serbenidorm.daliisolutions.com\/index.php\/wp-json\/wp\/v2\/media?parent=14656"}],"wp:term":[{"taxonomy":"category","embeddable":true,"href":"https:\/\/serbenidorm.daliisolutions.com\/index.php\/wp-json\/wp\/v2\/categories?post=14656"},{"taxonomy":"post_tag","embeddable":true,"href":"https:\/\/serbenidorm.daliisolutions.com\/index.php\/wp-json\/wp\/v2\/tags?post=14656"}],"curies":[{"name":"wp","href":"https:\/\/api.w.org\/{rel}","templated":true}]}}