{"id":14658,"date":"2025-04-30T18:10:28","date_gmt":"2025-04-30T16:10:28","guid":{"rendered":"https:\/\/serbenidorm.daliisolutions.com\/index.php\/2025\/04\/30\/el-moralet-volvera-a-acoger-el-11-de-mayo-una-nueva-edicion-del-cross-solidario-doble-amor\/"},"modified":"2025-04-30T18:10:28","modified_gmt":"2025-04-30T16:10:28","slug":"el-moralet-volvera-a-acoger-el-11-de-mayo-una-nueva-edicion-del-cross-solidario-doble-amor","status":"publish","type":"post","link":"https:\/\/serbenidorm.daliisolutions.com\/index.php\/2025\/04\/30\/el-moralet-volvera-a-acoger-el-11-de-mayo-una-nueva-edicion-del-cross-solidario-doble-amor\/","title":{"rendered":"El Moralet volver\u00e1 a acoger el 11 de mayo una nueva edici\u00f3n del Cross Solidario Doble Amor"},"content":{"rendered":"  <p><div data-adtype=\"MLDB\"><\/div><\/p>   <p>Benidorm<\/p>   <p>Con el objetivo de recaudar fondos para el Centro Doble Amor, el parque urbano de El Moralet volver\u00e1 a acoger una nueva edici\u00f3n, la sexta, del Cross Solidario \u2018Doble Amor\u2019 que ha sido presentada esta ma\u00f1ana y que tendr\u00e1 lugar el pr\u00f3ximo domingo 11 de con diferentes pruebas y modalidades como es habitual. <\/p>   <p>La presentaci\u00f3n de la carrera se ha desarrollado en el hotel Benidorm Plaza con presencia del concejal de Deportes, Javier Jord\u00e1; la concejal de Bienestar Social, \u00c1ngela Zaragoz\u00ed; el presidente del Doble Amor, Jos\u00e9 Luis Calvo; el presidente del Club Atletismo Benidorm, Manuel Pe\u00f1alver; y Jos\u00e9 Manuel L\u00f3pez, miembro de la directiva del Doble Amor y \u2018alma mater\u2019 de la carrera. <\/p>   <p>Jos\u00e9 Luis Calvo ha explicado los tres objetivos que tiene la prueba desde su nacimiento, que son \u201cdar visibilidad a la discapacidad intelectual, ser una actividad deportiva que ayude al funcionamiento del centro, ya que el 100% de la recaudaci\u00f3n se destina a ello, y devolver a Benidorm una peque\u00f1a parte de lo mucho que la ciudad nos da\u201d. Por todo ello, ha a\u00f1adido el presidente del Doble Amor \u201cesta prueba ten\u00eda que ser algo diferente a lo que hab\u00eda y creo que lo estamos consiguiendo\u201d. Calvo ha agradecido, adem\u00e1s, que la \u201cgran red solidaria\u201d encabezada por el Ayuntamiento y el Rotary Club \u201cha hecho posible la consolidaci\u00f3n y crecimiento de la prueba cada a\u00f1o\u201d. <\/p>   <p>Dos alumnos del centro, Sergio y Ana, han resaltado que el cross \u201cno es solo una prueba deportiva sino una fiesta de convivencia en la que corredores de todos los niveles se re\u00fanen por una causa justa\u201d. Han recordado que cada d\u00eda \u201ctrabajamos con un \u00fanico prop\u00f3sito, que es que cada persona con diversidad funcional pueda trabajar seg\u00fan sus capacidades y por una plena integraci\u00f3n en la sociedad; un camino que no es f\u00e1cil\u201d. Por ese motivo, afirman \u201ccada peque\u00f1o avance requiere de un gran esfuerzo\u201d. <\/p>   <p>\u201cEl cross busca recaudar fondos, pero tambi\u00e9n sensibilizar sobre la importancia de la inclusi\u00f3n\u201d han finalizado. <\/p>   <p>Manuel Pe\u00f1alver, director t\u00e9cnico de la carrera, ha agradecido el apoyo del Ayuntamiento \u201cen toda la log\u00edstica que conlleva organizar la carrera\u201d y ha acercado algunos aspectos de la misma. As\u00ed, el recorrido se har\u00e1 sobre un circuito de 5,5 kil\u00f3metros para los corredores. \u201cMuy sencillo, sin grandes cuestas, limpio y accesible para cualquiera\u201d ha precisado. La especialidad de senderismo y \u2018nordic walking\u2019 se har\u00e1 sobre un recorrido de 3,6 kil\u00f3metros y para las carreras infantiles habr\u00e1 distancias en funci\u00f3n de las edades, desde los 50 metros hasta los 2.000 metros. <\/p>   <p>\u201cEstas carreras infantiles hasta 15 a\u00f1os son gratuitas y la inscripci\u00f3n puede hacerse hasta el mismo d\u00eda de la prueba\u201d ha dicho Pe\u00f1alver. Las inscripciones pueden realizarse a trav\u00e9s de la web www.grupobrotons.es al precio de 14 euros. Tambi\u00e9n se admitir\u00e1n inscripciones el d\u00eda de la carrera, si bien en este caso el precio ser\u00e1 de 16 euros y solo podr\u00e1n hacerse hasta media hora antes del inicio del cross. <\/p>   <p>Jos\u00e9 Manuel L\u00f3pez ha destacado por su parte que el cross crece a\u00f1o a a\u00f1o \u201cgracias a la implicaci\u00f3n de muchas personas\u201d y ha revelado que en la pasada edici\u00f3n se alcanzaron casi 750 inscripciones y una recaudaci\u00f3n de casi 15.000 euros. \u201cEl esfuerzo merece la pena\u201d ha asegurado, antes de recalcare que el objetivo es \u201cintentar superar lo conseguido hasta ahora\u201d. Habr\u00e1 una medalla para los tres primeros clasificados en cada categor\u00eda, adem\u00e1s de una camiseta solidaria para todos los participantes. <\/p>   <p>El acto lo ha cerrado el concejal de Deportes, que ha querido \u201cagradecer a todos los que hacen posible esta carrera\u201d y ha animado a que participe \u201ctodo el mundo\u201d. \u201cOs pido que corr\u00e1is con el coraz\u00f3n, que el Centro Doble Amor lo necesita\u201d ha apostillado.<\/p> ","protected":false},"excerpt":{"rendered":"<p>Los organizadores conf\u00edan en seguir la tendencia de todos los a\u00f1os y superar los 750 participantes de la \u00faltima edici\u00f3n<\/p>\n","protected":false},"author":0,"featured_media":14659,"comment_status":"open","ping_status":"open","sticky":false,"template":"","format":"standard","meta":{"_acf_changed":false,"footnotes":""},"categories":[16],"tags":[],"class_list":["post-14658","post","type-post","status-publish","format-standard","has-post-thumbnail","hentry","category-deportes"],"acf":{"ser_id":"HIWC2GPSTFBUHPTUCGPLNFFB3A","ser_url":"https:\/\/cadenaser.com\/comunitat-valenciana\/2025\/04\/30\/el-moralet-volvera-a-acoger-el-11-de-mayo-una-nueva-edicion-del-cross-solidario-doble-amor-radio-benidorm\/"},"_links":{"self":[{"href":"https:\/\/serbenidorm.daliisolutions.com\/index.php\/wp-json\/wp\/v2\/posts\/14658","targetHints":{"allow":["GET"]}}],"collection":[{"href":"https:\/\/serbenidorm.daliisolutions.com\/index.php\/wp-json\/wp\/v2\/posts"}],"about":[{"href":"https:\/\/serbenidorm.daliisolutions.com\/index.php\/wp-json\/wp\/v2\/types\/post"}],"replies":[{"embeddable":true,"href":"https:\/\/serbenidorm.daliisolutions.com\/index.php\/wp-json\/wp\/v2\/comments?post=14658"}],"version-history":[{"count":0,"href":"https:\/\/serbenidorm.daliisolutions.com\/index.php\/wp-json\/wp\/v2\/posts\/14658\/revisions"}],"wp:featuredmedia":[{"embeddable":true,"href":"https:\/\/serbenidorm.daliisolutions.com\/index.php\/wp-json\/wp\/v2\/media\/14659"}],"wp:attachment":[{"href":"https:\/\/serbenidorm.daliisolutions.com\/index.php\/wp-json\/wp\/v2\/media?parent=14658"}],"wp:term":[{"taxonomy":"category","embeddable":true,"href":"https:\/\/serbenidorm.daliisolutions.com\/index.php\/wp-json\/wp\/v2\/categories?post=14658"},{"taxonomy":"post_tag","embeddable":true,"href":"https:\/\/serbenidorm.daliisolutions.com\/index.php\/wp-json\/wp\/v2\/tags?post=14658"}],"curies":[{"name":"wp","href":"https:\/\/api.w.org\/{rel}","templated":true}]}}