{"id":14705,"date":"2025-05-02T15:28:00","date_gmt":"2025-05-02T13:28:00","guid":{"rendered":"https:\/\/serbenidorm.daliisolutions.com\/index.php\/2025\/05\/02\/villajoyosa-celebra-este-fin-de-semana-la-carta-pobla-y-las-lagrimas-de-santa-marta\/"},"modified":"2025-05-02T15:28:00","modified_gmt":"2025-05-02T13:28:00","slug":"villajoyosa-celebra-este-fin-de-semana-la-carta-pobla-y-las-lagrimas-de-santa-marta","status":"publish","type":"post","link":"https:\/\/serbenidorm.daliisolutions.com\/index.php\/2025\/05\/02\/villajoyosa-celebra-este-fin-de-semana-la-carta-pobla-y-las-lagrimas-de-santa-marta\/","title":{"rendered":"Villajoyosa celebra este fin de semana la Carta Pobla y las L\u00e1grimas de Santa Marta"},"content":{"rendered":"  <p><div data-adtype=\"MLDB\"><\/div><\/p>   <p>La Vila Joiosa<\/p>   <p>Entre el 8 de marzo y el 8 de mayo se mueve la discrepancia de las fuentes hist\u00f3ricas sobre la fecha de la fundaci\u00f3n de Villajoyosa. Por el momento y sin el documento original de la Carta Pobla disponible, el 8 de mayo es la fecha en la que se conmemora, hecho que la hace coincidir en esta ocasi\u00f3n con una de las celebraciones m\u00e1s importantes para los vileros: el milagro de las l\u00e1grimas de su patrona Santa Marta.<\/p>   <p>El cronista oficial de Villajoyosa, Albert Alcaraz, ha compartido este viernes en <a href=\"https:\/\/cadenaser.com\/tag\/vila_joiosa\/a\/\" target=\"_blank\" rel=\"nofollow\" title=\"https:\/\/cadenaser.com\/tag\/vila_joiosa\/a\/\">Hoy por Hoy Benidorm<\/a> tanto la historia que hay detr\u00e1s de ese otorgamiento de la Carta Pobla por parte del almirante Bernat de Sarri\u00e0 como el contexto que rode\u00f3 a ese hecho milagroso de Santa Marta que este s\u00e1bado de celebrar\u00e1 con la tradicional ofrenda que recorre las calles del casco hist\u00f3rico desde las 18:30h.<\/p>  <p><p>M\u00e1s informaci\u00f3n<\/p><figure><img loading=\"lazy\" decoding=\"async\" src=\"https:\/\/cadenaser.com\/resizer\/v2\/QDYAWC4EJBDSHPUQIZRLADSY6U.jpg?auth=ddb1dd3c4565d9e11a9150b6b8b656426765a56becd3825b23759aca22eacee7&amp;quality=70&amp;width=360&amp;height=202&amp;smart=true\" width=\"820\" height=\"621\" \/><\/figure><ul><li><a href=\"https:\/\/cadenaser.com\/comunitat-valenciana\/2025\/05\/02\/dioni-navarro-el-presidente-de-jovempa-marina-baixa-que-queria-ser-veterinario-radio-benidorm\/\"><span>Dioni Navarro, el presidente de JOVEMPA Marina Baixa que quer\u00eda ser veterinario<\/span><\/a><\/li><\/ul><\/p>   <p>Una ofrenda rodeada de fiestas en los cuarteles que se instalan por toda la localidad y que lleva a un importante dispositivo de seguridad y tr\u00e1fico que coordina desde la concejal\u00eda del \u00e1rea Jaime Santamar\u00eda. <\/p>   <p>Santamar\u00eda ha mencionado las especificidades de este operativo centrado en esa ofrenda en la que se calcula la participaci\u00f3n de m\u00e1s de 4.000 festeros de las compa\u00f1\u00edas de Moros y Cristianos, as\u00ed como los cargos, miembros de asociaciones locales y autoridades.<\/p>   <p>Este viernes por la tarde tendr\u00e1 lugar la ceremonia de entrega de la espada Joyosa por parte del alcalde a Bernat de Sarri\u00e0 2025. Con este acto se representar\u00e1 el nombramiento de Caballero a Miguel Lloret P\u00e9rez, quien ejerce este a\u00f1o el cargo de Bernat de Sarri\u00e0 en los actos conmemorativos de la Carta Pobla.<\/p> ","protected":false},"excerpt":{"rendered":"<p>725 aniversario de la fundaci\u00f3n de la ciudad y 372 del milagro de la patrona<\/p>\n","protected":false},"author":0,"featured_media":14706,"comment_status":"open","ping_status":"open","sticky":false,"template":"","format":"standard","meta":{"_acf_changed":false,"footnotes":""},"categories":[1],"tags":[],"class_list":["post-14705","post","type-post","status-publish","format-standard","has-post-thumbnail","hentry","category-sin-categoria"],"acf":{"ser_id":"LTNFGFEGPZGS3FT5LCSO3C4K6I","ser_url":"https:\/\/cadenaser.com\/comunitat-valenciana\/2025\/05\/02\/villajoyosa-celebra-este-fin-de-semana-la-carta-pobla-y-las-lagrimas-de-santa-marta-radio-benidorm\/"},"_links":{"self":[{"href":"https:\/\/serbenidorm.daliisolutions.com\/index.php\/wp-json\/wp\/v2\/posts\/14705","targetHints":{"allow":["GET"]}}],"collection":[{"href":"https:\/\/serbenidorm.daliisolutions.com\/index.php\/wp-json\/wp\/v2\/posts"}],"about":[{"href":"https:\/\/serbenidorm.daliisolutions.com\/index.php\/wp-json\/wp\/v2\/types\/post"}],"replies":[{"embeddable":true,"href":"https:\/\/serbenidorm.daliisolutions.com\/index.php\/wp-json\/wp\/v2\/comments?post=14705"}],"version-history":[{"count":0,"href":"https:\/\/serbenidorm.daliisolutions.com\/index.php\/wp-json\/wp\/v2\/posts\/14705\/revisions"}],"wp:featuredmedia":[{"embeddable":true,"href":"https:\/\/serbenidorm.daliisolutions.com\/index.php\/wp-json\/wp\/v2\/media\/14706"}],"wp:attachment":[{"href":"https:\/\/serbenidorm.daliisolutions.com\/index.php\/wp-json\/wp\/v2\/media?parent=14705"}],"wp:term":[{"taxonomy":"category","embeddable":true,"href":"https:\/\/serbenidorm.daliisolutions.com\/index.php\/wp-json\/wp\/v2\/categories?post=14705"},{"taxonomy":"post_tag","embeddable":true,"href":"https:\/\/serbenidorm.daliisolutions.com\/index.php\/wp-json\/wp\/v2\/tags?post=14705"}],"curies":[{"name":"wp","href":"https:\/\/api.w.org\/{rel}","templated":true}]}}