{"id":14707,"date":"2025-05-02T15:28:02","date_gmt":"2025-05-02T13:28:02","guid":{"rendered":"https:\/\/serbenidorm.daliisolutions.com\/index.php\/2025\/05\/02\/dioni-navarro-el-presidente-de-jovempa-marina-baixa-que-queria-ser-veterinario\/"},"modified":"2025-05-02T15:28:02","modified_gmt":"2025-05-02T13:28:02","slug":"dioni-navarro-el-presidente-de-jovempa-marina-baixa-que-queria-ser-veterinario","status":"publish","type":"post","link":"https:\/\/serbenidorm.daliisolutions.com\/index.php\/2025\/05\/02\/dioni-navarro-el-presidente-de-jovempa-marina-baixa-que-queria-ser-veterinario\/","title":{"rendered":"Dioni Navarro, el presidente de JOVEMPA Marina Baixa que quer\u00eda ser veterinario"},"content":{"rendered":"  <p><div data-adtype=\"MLDB\"><\/div><\/p>   <p>Benidorm<\/p>   <p>Dioni Navarro, empresario vinculado al sector mar\u00edtimo y con seis a\u00f1os de experiencia al frente de Acron\u00e1utica, ha asumido recientemente la presidencia de JOVEMPA, la asociaci\u00f3n de j\u00f3venes empresarios de la comarca. <\/p>   <p>Navarro ha compartido en <a href=\"https:\/\/cadenaser.com\/tag\/comarca_la_marina_baixa\/a\/\" target=\"_blank\" rel=\"nofollow\" title=\"https:\/\/cadenaser.com\/tag\/comarca_la_marina_baixa\/a\/\">La Ventana de la Marina Baixa<\/a> su trayectoria profesional, desde sus primeros pasos como estudiante de turismo en el IES Mediterr\u00e0nia de Benidorm hasta su decisi\u00f3n de emprender tras una experiencia formativa en una empresa n\u00e1utica. <\/p>  <p><p>M\u00e1s informaci\u00f3n<\/p><figure><img loading=\"lazy\" decoding=\"async\" src=\"https:\/\/cadenaser.com\/resizer\/v2\/SRNL46W32NGISYULX6PIJLYDXE.jpg?auth=9a267c2d15906d7d0ce87dc7330a48673b90e4c6afdb9757066cb121b75c44f0&amp;quality=70&amp;width=360&amp;height=202&amp;smart=true\" width=\"820\" height=\"621\" \/><\/figure><ul><li><a href=\"https:\/\/cadenaser.com\/comunitat-valenciana\/2025\/04\/30\/los-hoteles-de-benidorm-se-volveran-a-llenar-este-puente-de-mayo-radio-benidorm\/\"><span>Los hoteles de Benidorm se volver\u00e1n a llenar este puente de mayo<\/span><\/a><\/li><\/ul><\/p>   <p>Navarro ha explicado que lo m\u00e1s gratificante de emprender es la conexi\u00f3n con otros empresarios con la misma energ\u00eda e ilusi\u00f3n. Al mismo tiempo, no ha ocultado las dificultades que implica ser aut\u00f3nomo, una \u00abmonta\u00f1a rusa\u00bb diaria marcada por la responsabilidad. La presi\u00f3n del sector, especialmente en temporadas clave como la Semana Santa, afecta tambi\u00e9n al \u00e1mbito personal, con sacrificios familiares inevitables.<\/p>   <p>Nuevos eventos <\/p>   <p>Como presidente de JOVEMPA Marina Baixa, Navarro ha subrayado el valor del trabajo en equipo y de rodearse de personas \u201cm\u00e1s inteligentes que uno mismo\u201d. Bajo esta filosof\u00eda, prepara el primer evento de la nueva junta directiva: un encuentro conjunto entre las dos marinas que tendr\u00e1 lugar el pr\u00f3ximo 15 de mayo en el hotel Cap Negret, coincidiendo con el 50 aniversario de este emblem\u00e1tico establecimiento. <\/p>   <p>Navarro ha destacado que JOVEMPA representa una red de apoyo crucial tanto para empresarios consolidados como para nuevos emprendedores. En tiempos de incertidumbre econ\u00f3mica y retos globales su apuesta es clara: colaboraci\u00f3n, talento colectivo y compromiso con la comunidad.<\/p> ","protected":false},"excerpt":{"rendered":"<p>Navarro ha sido elegido por los j\u00f3venes empresarios de la comarca para suceder a Alejandro G\u00f3mez<\/p>\n","protected":false},"author":0,"featured_media":14708,"comment_status":"open","ping_status":"open","sticky":false,"template":"","format":"standard","meta":{"_acf_changed":false,"footnotes":""},"categories":[1],"tags":[],"class_list":["post-14707","post","type-post","status-publish","format-standard","has-post-thumbnail","hentry","category-sin-categoria"],"acf":{"ser_id":"KKKTM2FSN5HITGQJTRHXK53KTU","ser_url":"https:\/\/cadenaser.com\/comunitat-valenciana\/2025\/05\/02\/dioni-navarro-el-presidente-de-jovempa-marina-baixa-que-queria-ser-veterinario-radio-benidorm\/"},"_links":{"self":[{"href":"https:\/\/serbenidorm.daliisolutions.com\/index.php\/wp-json\/wp\/v2\/posts\/14707","targetHints":{"allow":["GET"]}}],"collection":[{"href":"https:\/\/serbenidorm.daliisolutions.com\/index.php\/wp-json\/wp\/v2\/posts"}],"about":[{"href":"https:\/\/serbenidorm.daliisolutions.com\/index.php\/wp-json\/wp\/v2\/types\/post"}],"replies":[{"embeddable":true,"href":"https:\/\/serbenidorm.daliisolutions.com\/index.php\/wp-json\/wp\/v2\/comments?post=14707"}],"version-history":[{"count":0,"href":"https:\/\/serbenidorm.daliisolutions.com\/index.php\/wp-json\/wp\/v2\/posts\/14707\/revisions"}],"wp:featuredmedia":[{"embeddable":true,"href":"https:\/\/serbenidorm.daliisolutions.com\/index.php\/wp-json\/wp\/v2\/media\/14708"}],"wp:attachment":[{"href":"https:\/\/serbenidorm.daliisolutions.com\/index.php\/wp-json\/wp\/v2\/media?parent=14707"}],"wp:term":[{"taxonomy":"category","embeddable":true,"href":"https:\/\/serbenidorm.daliisolutions.com\/index.php\/wp-json\/wp\/v2\/categories?post=14707"},{"taxonomy":"post_tag","embeddable":true,"href":"https:\/\/serbenidorm.daliisolutions.com\/index.php\/wp-json\/wp\/v2\/tags?post=14707"}],"curies":[{"name":"wp","href":"https:\/\/api.w.org\/{rel}","templated":true}]}}