{"id":1472,"date":"2024-01-16T19:50:12","date_gmt":"2024-01-16T18:50:12","guid":{"rendered":"https:\/\/serbenidorm.daliisolutions.com\/index.php\/2024\/01\/16\/antonio-ferrer-patron-mayor-de-la-cofradia-de-pescadores-de-altea-hay-que-reaccionar-o-esto-se-muere\/"},"modified":"2024-01-16T19:50:12","modified_gmt":"2024-01-16T18:50:12","slug":"antonio-ferrer-patron-mayor-de-la-cofradia-de-pescadores-de-altea-hay-que-reaccionar-o-esto-se-muere","status":"publish","type":"post","link":"https:\/\/serbenidorm.daliisolutions.com\/index.php\/2024\/01\/16\/antonio-ferrer-patron-mayor-de-la-cofradia-de-pescadores-de-altea-hay-que-reaccionar-o-esto-se-muere\/","title":{"rendered":"Antonio Ferrer, patr\u00f3n mayor de la Cofrad\u00eda de Pescadores de Altea: \u00abHay que reaccionar o esto se muere\u00bb"},"content":{"rendered":"  <p>Altea<\/p>   <p>El sector pesquero cada vez est\u00e1 m\u00e1s al l\u00edmite. Es la denuncia que ha hecho este martes en <a href=\"https:\/\/cadenaser.com\/radio-benidorm\/la-ventana-de-la-marina-baixa\/\" target=\"_blank\" rel=\"noopener\">La Ventana de la Marina Baixa<\/a> la Cofrad\u00eda de Pescadores de Altea en la voz de su patr\u00f3n mayor Antonio Ferrer: \u00abSomos deficitarios abasteciendo de pescado porque estamos perdiendo flota y entra el pescado procesado de otras partes\u00bb.<\/p>   <p>El patr\u00f3n mayor tambi\u00e9n ha definido el periodo navide\u00f1o como \u00abregular\u00bb porque los precios del pescado y del marisco no han subido y el sector tiene que seguir afrontando la falta de personal y el aumento de costes como el del combustible.<\/p>   <p>Otro de los factores que han agravado su situaci\u00f3n son los paros biol\u00f3gicos impuestos por la Uni\u00f3n Europea y durante los cuales tienen que parar su actividad: \u00abEsto es un negocio que tiene que cerrar tres o cuatro meses y luego c\u00f3mo reenganchas, los clientes se han buscado otras lonjas y eso son p\u00e9rdidas. Cuando la cosa empieza a funcionar tienes que volver a parar\u00bb, critica.<\/p>  <p><p>M\u00e1s informaci\u00f3n<\/p><figure><img decoding=\"async\" src=\"https:\/\/cadenaser.com\/resizer\/jBusDJ0EnCBBmC8XhlJDtRzW0cg=\/650x366\/filters:quality(70)\/cloudfront-eu-central-1.images.arcpublishing.com\/prisaradio\/O5M2YQ2W25BOVOASQ4F7LOYXEI.jpeg\" loading=\"lazy\" width=\"828\" height=\"621\" \/><\/figure><ul><li><a href=\"https:\/\/cadenaser.com\/comunitat-valenciana\/2024\/01\/10\/lalfas-altea-y-benidorm-entre-las-localidades-de-la-comunitat-valenciana-con-la-vivienda-de-segunda-mano-mas-cara-radio-benidorm\/\">L&#8217;Alf\u00e0s, Altea y Benidorm, entre las localidades de la Comunitat Valenciana con la vivienda de segunda mano m\u00e1s cara<\/a><\/li><\/ul><\/p>   <p>Adem\u00e1s, lamenta Ferrer, los empleados est\u00e1n agotando sus subsidios en estos periodos: \u00abNos est\u00e1n incentivando con los paros, pero yo no quiero subvenciones, yo quiero poder trabajar d\u00eda a d\u00eda. Esto es pan para hoy y hambre para ma\u00f1ana\u00bb, ha insistido.<\/p>   <p>Tambi\u00e9n est\u00e1 el reto de luchar contra el estigma de que los pescadores son nocivos para el ecosistema del mar Mediterr\u00e1neo: \u00abLlevamos a tierra bolsas con una cantidad de pl\u00e1sticos que sorprender\u00edan. Si desaparecemos nosotros en diez o doce a\u00f1os la basura alcanza las playas\u00bb.<\/p>   <p>Otro problema es el relevo generacional y es que el sector deja de ser atractivo para los j\u00f3venes y<a href=\"https:\/\/cadenaser.com\/tag\/altea\/a\/\" target=\"_blank\" rel=\"noopener\"> los pescadores de Altea ya tienen que recurrir a trabajadores de otras zonas de Espa\u00f1a e incluso de Marruecos<\/a>. En este sentido, el patr\u00f3n mayor pide que se mantenga el Instituto Polit\u00e9cnico Mar\u00edtimo Pesquero de Alicante porque cada vez \u00abfaltan m\u00e1s t\u00e9cnicos\u00bb.<\/p>   <p>As\u00ed las cosas, Antonio Ferrer ha demandado un mayor apoyo de las administraciones en conjunto: \u00abLas noticias es que nos van a apretar m\u00e1s en el tema de inspecciones, documentaci\u00f3n&#8230; Esto no es factible\u00bb, sentencia.<\/p> ","protected":false},"excerpt":{"rendered":"<p>El sector se enfrenta a las limitaciones de la UE y un aumento de los costes de producci\u00f3n que est\u00e1 repercutido en el precio de su producto en la lonja<\/p>\n","protected":false},"author":0,"featured_media":1473,"comment_status":"open","ping_status":"open","sticky":false,"template":"","format":"standard","meta":{"_acf_changed":false,"footnotes":""},"categories":[1],"tags":[],"class_list":["post-1472","post","type-post","status-publish","format-standard","has-post-thumbnail","hentry","category-sin-categoria"],"acf":{"ser_id":"AF24M7RO7FHKRC6FN3W45GUDJA","ser_url":"https:\/\/cadenaser.com\/comunitat-valenciana\/2024\/01\/16\/antonio-ferrer-patron-mayor-de-la-cofradia-de-pescadores-de-altea-hay-que-reaccionar-o-esto-se-muere-radio-benidorm\/"},"_links":{"self":[{"href":"https:\/\/serbenidorm.daliisolutions.com\/index.php\/wp-json\/wp\/v2\/posts\/1472","targetHints":{"allow":["GET"]}}],"collection":[{"href":"https:\/\/serbenidorm.daliisolutions.com\/index.php\/wp-json\/wp\/v2\/posts"}],"about":[{"href":"https:\/\/serbenidorm.daliisolutions.com\/index.php\/wp-json\/wp\/v2\/types\/post"}],"replies":[{"embeddable":true,"href":"https:\/\/serbenidorm.daliisolutions.com\/index.php\/wp-json\/wp\/v2\/comments?post=1472"}],"version-history":[{"count":0,"href":"https:\/\/serbenidorm.daliisolutions.com\/index.php\/wp-json\/wp\/v2\/posts\/1472\/revisions"}],"wp:featuredmedia":[{"embeddable":true,"href":"https:\/\/serbenidorm.daliisolutions.com\/index.php\/wp-json\/wp\/v2\/media\/1473"}],"wp:attachment":[{"href":"https:\/\/serbenidorm.daliisolutions.com\/index.php\/wp-json\/wp\/v2\/media?parent=1472"}],"wp:term":[{"taxonomy":"category","embeddable":true,"href":"https:\/\/serbenidorm.daliisolutions.com\/index.php\/wp-json\/wp\/v2\/categories?post=1472"},{"taxonomy":"post_tag","embeddable":true,"href":"https:\/\/serbenidorm.daliisolutions.com\/index.php\/wp-json\/wp\/v2\/tags?post=1472"}],"curies":[{"name":"wp","href":"https:\/\/api.w.org\/{rel}","templated":true}]}}