{"id":14767,"date":"2025-05-05T15:44:43","date_gmt":"2025-05-05T13:44:43","guid":{"rendered":"https:\/\/serbenidorm.daliisolutions.com\/index.php\/2025\/05\/05\/la-comunitat-roza-el-90-de-ocupacion-hotelera-en-el-puente-de-mayo-que-lideran-benidorm-y-valencia\/"},"modified":"2025-05-05T15:44:43","modified_gmt":"2025-05-05T13:44:43","slug":"la-comunitat-roza-el-90-de-ocupacion-hotelera-en-el-puente-de-mayo-que-lideran-benidorm-y-valencia","status":"publish","type":"post","link":"https:\/\/serbenidorm.daliisolutions.com\/index.php\/2025\/05\/05\/la-comunitat-roza-el-90-de-ocupacion-hotelera-en-el-puente-de-mayo-que-lideran-benidorm-y-valencia\/","title":{"rendered":"La Comunitat roza el 90% de ocupaci\u00f3n hotelera en el puente de mayo, que lideran Benidorm y Val\u00e8ncia"},"content":{"rendered":"  <p><div data-adtype=\"MLDB\"><\/div><\/p>   <p>Val\u00e8ncia<\/p>   <p>La Comunitat Valenciana ha rozado el 90 por ciento de ocupaci\u00f3n hotelera media durante el puente de mayo, con las ciudades de Benidorm (Alicante) y Val\u00e8ncia a la cabeza, con un 92,4% y un 91,8%, respectivamente, seg\u00fan datos de la Asociaci\u00f3n Empresarial Hotelera y Tur\u00edstica de la Comunitat Valenciana (Hosbec).<\/p>   <p>A estos destinos les siguen la Costa Blanca, con un 90,9%, la provincia de Valencia, con un 89,1%, y Castell\u00f3n, con un 85,7%. Estas cifras reflejan que se han cumplido \u00abtodos los pron\u00f3sticos\u00bb y representan un incremento de cuatro puntos en la ocupaci\u00f3n final por las reservas de \u00faltima hora.<\/p>   <p>En un comunicado, el presidente de Hosbec, Fede Fuster, se ha mostrado \u00abmuy contento\u00bb con estos datos, \u00aben los que ha influido decisivamente la bonanza meteorol\u00f3gica de la Comunitat Valenciana frente a otros destinos peninsulares que han estado afectados por lluvias y mal tiempo\u00bb. \u00abUn nuevo test de fuego de la temporada tur\u00edstica superado con notable \u00e9xito\u00bb, ha sentenciado.<\/p>   <p><i>Sigue toda la \u00faltima hora en el canal de Whatsapp de Radio Valencia: <\/i><a href=\"https:\/\/eur01.safelinks.protection.outlook.com\/?url=https%3A%2F%2Fwhatsapp.com%2Fchannel%2F0029VaHjyqSFHWq2Q3iHB33R&amp;data=05%7C02%7Cjvblasco%40formacion.prisaradio.com%7C0b946dd438a249b13d4808dce2c35c11%7Cc4fd49f3e15a44d882e2c909735d2e45%7C0%7C0%7C638634575912037342%7CUnknown%7CTWFpbGZsb3d8eyJWIjoiMC4wLjAwMDAiLCJQIjoiV2luMzIiLCJBTiI6Ik1haWwiLCJXVCI6Mn0%3D%7C0%7C%7C%7C&amp;sdata=QYBUsEt4RcendRXOvOgj9E2zJO7%2FT%2BOf2Z9fFiwfRLo%3D&amp;reserved=0\" target=\"_blank\" rel=\"nofollow\" title=\"Direcci\u00f3n URL original: https:\/\/whatsapp.com\/channel\/0029VaHjyqSFHWq2Q3iHB33R. Haga clic o pulse si conf\u00eda en este v\u00ednculo.\"><i>haz clic aqu\u00ed y suscr\u00edbete<\/i><\/a><i> para recibir toda la informaci\u00f3n y la actualidad del d\u00eda en tu m\u00f3vil.<\/i><\/p> ","protected":false},"excerpt":{"rendered":"<p>A estos destinos les siguen la Costa Blanca, con un 90,9%, la provincia de Valencia, con un 89,1%, y Castell\u00f3n, con un 85,7%<\/p>\n","protected":false},"author":0,"featured_media":14768,"comment_status":"open","ping_status":"open","sticky":false,"template":"","format":"standard","meta":{"_acf_changed":false,"footnotes":""},"categories":[1],"tags":[],"class_list":["post-14767","post","type-post","status-publish","format-standard","has-post-thumbnail","hentry","category-sin-categoria"],"acf":{"ser_id":"A53U7IWQUVEMPPQX7HGHT46S6I","ser_url":"https:\/\/cadenaser.com\/comunitat-valenciana\/2025\/05\/05\/la-comunitat-roza-el-90-de-ocupacion-hotelera-en-el-puente-de-mayo-que-lideran-benidorm-y-valencia-radio-valencia\/"},"_links":{"self":[{"href":"https:\/\/serbenidorm.daliisolutions.com\/index.php\/wp-json\/wp\/v2\/posts\/14767","targetHints":{"allow":["GET"]}}],"collection":[{"href":"https:\/\/serbenidorm.daliisolutions.com\/index.php\/wp-json\/wp\/v2\/posts"}],"about":[{"href":"https:\/\/serbenidorm.daliisolutions.com\/index.php\/wp-json\/wp\/v2\/types\/post"}],"replies":[{"embeddable":true,"href":"https:\/\/serbenidorm.daliisolutions.com\/index.php\/wp-json\/wp\/v2\/comments?post=14767"}],"version-history":[{"count":0,"href":"https:\/\/serbenidorm.daliisolutions.com\/index.php\/wp-json\/wp\/v2\/posts\/14767\/revisions"}],"wp:featuredmedia":[{"embeddable":true,"href":"https:\/\/serbenidorm.daliisolutions.com\/index.php\/wp-json\/wp\/v2\/media\/14768"}],"wp:attachment":[{"href":"https:\/\/serbenidorm.daliisolutions.com\/index.php\/wp-json\/wp\/v2\/media?parent=14767"}],"wp:term":[{"taxonomy":"category","embeddable":true,"href":"https:\/\/serbenidorm.daliisolutions.com\/index.php\/wp-json\/wp\/v2\/categories?post=14767"},{"taxonomy":"post_tag","embeddable":true,"href":"https:\/\/serbenidorm.daliisolutions.com\/index.php\/wp-json\/wp\/v2\/tags?post=14767"}],"curies":[{"name":"wp","href":"https:\/\/api.w.org\/{rel}","templated":true}]}}