{"id":14795,"date":"2025-05-06T10:48:42","date_gmt":"2025-05-06T08:48:42","guid":{"rendered":"https:\/\/serbenidorm.daliisolutions.com\/index.php\/2025\/05\/06\/la-morenica-regresa-a-su-casa-del-monte\/"},"modified":"2025-05-06T10:48:42","modified_gmt":"2025-05-06T08:48:42","slug":"la-morenica-regresa-a-su-casa-del-monte","status":"publish","type":"post","link":"https:\/\/serbenidorm.daliisolutions.com\/index.php\/2025\/05\/06\/la-morenica-regresa-a-su-casa-del-monte\/","title":{"rendered":"La &#8216;Morenica&#8217; regresa a su casa del monte"},"content":{"rendered":"  <p><div data-adtype=\"MLDB\"><\/div><\/p>   <p>Murcia<\/p>   <p>Fiel a su cita, miles de murcianos han acudido hoy a la catedral de Murcia y, posteriormente, al barrio del Carmen para despedir a la patrona, que regresa a Algezares tras las Fiestas de Primavera.<\/p>   <p>Vestida con un manto granate con brocados en oro y plata, la &#8216;Morenica&#8217; portaba tambi\u00e9n en esta ocasi\u00f3n del pectoral de oro que el obispo de la Di\u00f3cesis de Cartagena, Monse\u00f1or Lorca Planes, le ha entregado al jubilarse.<\/p>   <p>A las 7.00 de la ma\u00f1ana se ha celebrado una misa en su honor en la catedral y a las 8.00 horas ha salido a la Plaza de Belluga, donde la aguardaban miles de murcianos, entre ellos numerosos romeros que la acompa\u00f1an en esta romer\u00eda, m\u00e1s r\u00e1pida que la que se celebra en septiembre, al tratarse hoy de un d\u00eda laborable.<\/p>   <p>A las 8.30 ha sido despedida del Carmen con un largo repique de campanas y una gran tronaera, tras la que ha enfilado la calle Torre de Romo a hombros, entre otros, del alcalde Jos\u00e9 Ballesta.<\/p>   <p>Desde ah\u00ed hasta su santuario de Algezares son unos cinco kil\u00f3metros, A las 13.00 est\u00e1 previsto que la patrona de Murcia llegue a su casa del monte, donde podr\u00e1 ser venerada hasta que, de nuevo, sea tra\u00edda en romer\u00eda, para la Feria de Septiembre.<\/p> ","protected":false},"excerpt":{"rendered":"<p>Murcia Fiel a su cita, miles de murcianos han acudido hoy a la catedral de Murcia y, posteriormente, al barrio del Carmen para despedir a la patrona, que regresa a Algezares tras las Fiestas de Primavera. Vestida con un manto granate con brocados en oro y plata, la &#8216;Morenica&#8217; portaba tambi\u00e9n en esta ocasi\u00f3n del [&hellip;]<\/p>\n","protected":false},"author":0,"featured_media":14796,"comment_status":"open","ping_status":"open","sticky":false,"template":"","format":"standard","meta":{"_acf_changed":false,"footnotes":""},"categories":[1],"tags":[],"class_list":["post-14795","post","type-post","status-publish","format-standard","has-post-thumbnail","hentry","category-sin-categoria"],"acf":{"ser_id":"PFTTHNQTPZGZPKD32SABDRRSYM","ser_url":"https:\/\/cadenaser.com\/murcia\/2025\/05\/06\/la-morenica-regresa-a-su-casa-del-monte-radio-murcia\/"},"_links":{"self":[{"href":"https:\/\/serbenidorm.daliisolutions.com\/index.php\/wp-json\/wp\/v2\/posts\/14795","targetHints":{"allow":["GET"]}}],"collection":[{"href":"https:\/\/serbenidorm.daliisolutions.com\/index.php\/wp-json\/wp\/v2\/posts"}],"about":[{"href":"https:\/\/serbenidorm.daliisolutions.com\/index.php\/wp-json\/wp\/v2\/types\/post"}],"replies":[{"embeddable":true,"href":"https:\/\/serbenidorm.daliisolutions.com\/index.php\/wp-json\/wp\/v2\/comments?post=14795"}],"version-history":[{"count":0,"href":"https:\/\/serbenidorm.daliisolutions.com\/index.php\/wp-json\/wp\/v2\/posts\/14795\/revisions"}],"wp:featuredmedia":[{"embeddable":true,"href":"https:\/\/serbenidorm.daliisolutions.com\/index.php\/wp-json\/wp\/v2\/media\/14796"}],"wp:attachment":[{"href":"https:\/\/serbenidorm.daliisolutions.com\/index.php\/wp-json\/wp\/v2\/media?parent=14795"}],"wp:term":[{"taxonomy":"category","embeddable":true,"href":"https:\/\/serbenidorm.daliisolutions.com\/index.php\/wp-json\/wp\/v2\/categories?post=14795"},{"taxonomy":"post_tag","embeddable":true,"href":"https:\/\/serbenidorm.daliisolutions.com\/index.php\/wp-json\/wp\/v2\/tags?post=14795"}],"curies":[{"name":"wp","href":"https:\/\/api.w.org\/{rel}","templated":true}]}}