{"id":14806,"date":"2025-05-06T14:09:56","date_gmt":"2025-05-06T12:09:56","guid":{"rendered":"https:\/\/serbenidorm.daliisolutions.com\/index.php\/2025\/05\/06\/el-jardin-klein-schreuder-ejemplo-de-integracion-cultural-en-lalfas-del-pi-en-el-dia-de-europa\/"},"modified":"2025-05-06T14:09:56","modified_gmt":"2025-05-06T12:09:56","slug":"el-jardin-klein-schreuder-ejemplo-de-integracion-cultural-en-lalfas-del-pi-en-el-dia-de-europa","status":"publish","type":"post","link":"https:\/\/serbenidorm.daliisolutions.com\/index.php\/2025\/05\/06\/el-jardin-klein-schreuder-ejemplo-de-integracion-cultural-en-lalfas-del-pi-en-el-dia-de-europa\/","title":{"rendered":"El Jard\u00edn Klein Schreuder, ejemplo de integraci\u00f3n cultural en L&#8217;Alf\u00e0s del Pi en el D\u00eda de Europa"},"content":{"rendered":"  <p><div data-adtype=\"MLDB\"><\/div><\/p>   <p>L&#8217;Alf\u00e0s del Pi<\/p>   <p>El Ayuntamiento de L&#8217;Alf\u00e0s del Pi ha decidido celebrar el acto institucional del <a href=\"https:\/\/cadenaser.com\/comunitat-valenciana\/2024\/05\/09\/hoy-por-hoy-benidorm-celebra-el-dia-de-europa-en-lalfas-del-pi-radio-benidorm\/\" target=\"_blank\" rel=\"nofollow\" title=\"https:\/\/cadenaser.com\/comunitat-valenciana\/2024\/05\/09\/hoy-por-hoy-benidorm-celebra-el-dia-de-europa-en-lalfas-del-pi-radio-benidorm\/\">D\u00eda de Europa<\/a>, el pr\u00f3ximo viernes 9 de mayo, en el jard\u00edn escult\u00f3rico Klein Schreuder. <\/p>   <p>En <a href=\"https:\/\/radiobenidorm.es\" target=\"_blank\" rel=\"nofollow\" title=\"https:\/\/radiobenidorm.es\">Hoy por Hoy Benidorm<\/a> la edil de \u00c1rea Internacional, Martine Mertens, ha explicado que se ha decidido trasladar el acto institucional a este jard\u00edn escult\u00f3rico porque \u00absus propietarios son un matrimonio holand\u00e9s que lleva m\u00e1s de 30 a\u00f1os residiendo en L&#8217;Alf\u00e0s del Pi y creemos que encarnan perfectamente el esp\u00edritu de <a href=\"https:\/\/cadenaser.com\/comunitat-valenciana\/2024\/10\/14\/lalfas-del-pi-celebra-su-xvii-dia-internacional-el-domingo-20-de-octubre-radio-benidorm\/\" target=\"_blank\" rel=\"nofollow\" title=\"https:\/\/cadenaser.com\/comunitat-valenciana\/2024\/10\/14\/lalfas-del-pi-celebra-su-xvii-dia-internacional-el-domingo-20-de-octubre-radio-benidorm\/\">convivencia e integraci\u00f3n de los valores europeos\u00bb. <\/a><\/p>   <p>Adem\u00e1s Mertens ha se\u00f1alado que se trata de \u00abun acto sencillo y abierto a la colaboraci\u00f3n y participaci\u00f3n p\u00fablica\u00bb y adem\u00e1s tambi\u00e9n es \u00abuna gran oportunidad para todos los alfasinos de conocer este entorno y pasear por esos jardines y descubrir las esculturas que alberga\u00bb. <\/p>   <p>El jard\u00edn est\u00e1 ubicado en la partida del Cautivador, camino del pinar 23.<\/p>   <p>Dentro del programa conmemorativo del D\u00eda de Europa, adem\u00e1s del acto institucional del 9 de mayo, L&#8217;Alf\u00e0s del Pi celebrar\u00e1, el jueves d\u00eda 8, la Jornada sobre la red de informaci\u00f3n y asesoramiento juvenil Eurodesk, en el Espacio Cultural Escoles Velles, dirigida a estudiantes de Bachiller y Ciclo Formativo del IES L\u2019Arab\u00ed.<\/p>   <p>Adem\u00e1s el d\u00eda 9 comenzar\u00e1n las II Jornadas Gastron\u00f3micas Europeas, con la participaci\u00f3n de 14 establecimientos que ofrecer\u00e1n un men\u00fa t\u00edpico de su pa\u00eds durante los viernes de mayo: 9, 16, 23 y 30.<\/p> ","protected":false},"excerpt":{"rendered":"<p>El Ayuntamiento celebrar\u00e1 el acto institucional en este jard\u00edn escult\u00f3rico de un matrimonio holand\u00e9s residente desde hace 30 a\u00f1os<\/p>\n","protected":false},"author":0,"featured_media":14807,"comment_status":"open","ping_status":"open","sticky":false,"template":"","format":"standard","meta":{"_acf_changed":false,"footnotes":""},"categories":[1],"tags":[],"class_list":["post-14806","post","type-post","status-publish","format-standard","has-post-thumbnail","hentry","category-sin-categoria"],"acf":{"ser_id":"SJHUCDO7XRHQNHDXITKFPRUX6M","ser_url":"https:\/\/cadenaser.com\/comunitat-valenciana\/2025\/05\/06\/el-jardin-klein-schreuder-ejemplo-de-integracion-cultural-en-lalfas-del-pi-en-el-dia-de-europa-radio-benidorm\/"},"_links":{"self":[{"href":"https:\/\/serbenidorm.daliisolutions.com\/index.php\/wp-json\/wp\/v2\/posts\/14806","targetHints":{"allow":["GET"]}}],"collection":[{"href":"https:\/\/serbenidorm.daliisolutions.com\/index.php\/wp-json\/wp\/v2\/posts"}],"about":[{"href":"https:\/\/serbenidorm.daliisolutions.com\/index.php\/wp-json\/wp\/v2\/types\/post"}],"replies":[{"embeddable":true,"href":"https:\/\/serbenidorm.daliisolutions.com\/index.php\/wp-json\/wp\/v2\/comments?post=14806"}],"version-history":[{"count":0,"href":"https:\/\/serbenidorm.daliisolutions.com\/index.php\/wp-json\/wp\/v2\/posts\/14806\/revisions"}],"wp:featuredmedia":[{"embeddable":true,"href":"https:\/\/serbenidorm.daliisolutions.com\/index.php\/wp-json\/wp\/v2\/media\/14807"}],"wp:attachment":[{"href":"https:\/\/serbenidorm.daliisolutions.com\/index.php\/wp-json\/wp\/v2\/media?parent=14806"}],"wp:term":[{"taxonomy":"category","embeddable":true,"href":"https:\/\/serbenidorm.daliisolutions.com\/index.php\/wp-json\/wp\/v2\/categories?post=14806"},{"taxonomy":"post_tag","embeddable":true,"href":"https:\/\/serbenidorm.daliisolutions.com\/index.php\/wp-json\/wp\/v2\/tags?post=14806"}],"curies":[{"name":"wp","href":"https:\/\/api.w.org\/{rel}","templated":true}]}}