{"id":14808,"date":"2025-05-06T14:09:57","date_gmt":"2025-05-06T12:09:57","guid":{"rendered":"https:\/\/serbenidorm.daliisolutions.com\/index.php\/2025\/05\/06\/la-semana-santa-eleva-la-contratacion-en-benidorm-y-la-marina-baixa-un-106-respecto-al-ano-pasado\/"},"modified":"2025-05-06T14:09:57","modified_gmt":"2025-05-06T12:09:57","slug":"la-semana-santa-eleva-la-contratacion-en-benidorm-y-la-marina-baixa-un-106-respecto-al-ano-pasado","status":"publish","type":"post","link":"https:\/\/serbenidorm.daliisolutions.com\/index.php\/2025\/05\/06\/la-semana-santa-eleva-la-contratacion-en-benidorm-y-la-marina-baixa-un-106-respecto-al-ano-pasado\/","title":{"rendered":"La Semana Santa eleva la contrataci\u00f3n en Benidorm y la Marina Baixa un 10,6% respecto al a\u00f1o pasado"},"content":{"rendered":"  <p><div data-adtype=\"MLDB\"><\/div><\/p>   <p>Benidorm<\/p>   <p>En la Marina Baixa el paro se queda por debajo de la barrera de los 9.000. En el \u00faltimo mes 409 personas han salido de las <a href=\"https:\/\/cadenaser.com\/tag\/benidorm\/a\/\" target=\"_blank\" rel=\"nofollow\" title=\"https:\/\/cadenaser.com\/tag\/benidorm\/a\/\">listas del desempleo en las que hoy en d\u00eda siguen inscritas 8.619<\/a>; esto supone un descenso del 4,6 % durante abril que viene motivado sobre todo por el arre\u00f3n tur\u00edstico de la Semana Santa.<\/p>   <p>De hecho, el 90% de esa reducci\u00f3n del desempleo corresponde al sector servicios aunque tambi\u00e9n ha bajado ligeramente en agricultura, industria o construcci\u00f3n.<b> <\/b><\/p>  <p><p>M\u00e1s informaci\u00f3n<\/p><figure><img loading=\"lazy\" decoding=\"async\" src=\"https:\/\/cadenaser.com\/resizer\/v2\/KW7SOV3JABDINEDHSHOLYAMUOM.jpg?auth=552795d4787e58644165858ea5b5fb34b631d63a640cfd9ddb58076dd586566f&amp;quality=70&amp;width=360&amp;height=202&amp;smart=true\" width=\"820\" height=\"621\" \/><\/figure><ul><li><a href=\"https:\/\/cadenaser.com\/comunitat-valenciana\/2025\/05\/05\/la-comunitat-roza-el-90-de-ocupacion-hotelera-en-el-puente-de-mayo-que-lideran-benidorm-y-valencia-radio-valencia\/\"><span>La Comunitat roza el 90% de ocupaci\u00f3n hotelera en el puente de mayo, que lideran Benidorm y Val\u00e8ncia<\/span><\/a><\/li><\/ul><\/p>   <p>La importante subida de la contrataci\u00f3n se traduce en que se han firmado 6.010 contratos, m\u00e1s de 1.200 por encima del mes anterior y m\u00e1s de un 10% con respecto al a\u00f1o pasado.<\/p>   <p>Yolanda D\u00edaz, secretaria general de UGT en Alicante y las Marinas, ha aprovechado los datos para insistir en la necesidad de diversificar el tejido productivo local y comarcal: \u00abEs algo positivo pero la alta dependencia de los servicios hace que haya meses en los que se destruye empleo\u00bb, avisa.<\/p>   <p>El secretario de Dialogo Social de Comisiones Obreras en la Comunitat Valenciana pone el foco por su parte en el elevado porcentaje de temporalidad (42,6%) y contrataci\u00f3n a tiempo parcial (53,8%): \u00abLa riqueza generada tiene margen de mejora\u00bb, ha concluido.<\/p>   <p>El paro, por municipios<\/p>   <p>Por municipios en Benidorm hay 195 parados menos inscritos en el Labora, son ahora un total de 3.132; en La Vila Joiosa 79 menos, son 1.970; en Altea 23 menos, 997; en L\u2019Alf\u00e0s del Pi 26 menos, 730; y en La Nuc\u00eda 39 desempleados menos; se quedan 744.<\/p> ","protected":false},"excerpt":{"rendered":"<p>La comarca termina abril por debajo de los 9.000 parados<\/p>\n","protected":false},"author":0,"featured_media":14809,"comment_status":"open","ping_status":"open","sticky":false,"template":"","format":"standard","meta":{"_acf_changed":false,"footnotes":""},"categories":[1],"tags":[],"class_list":["post-14808","post","type-post","status-publish","format-standard","has-post-thumbnail","hentry","category-sin-categoria"],"acf":{"ser_id":"D34LBVVVWZDUXMFWIJQ6HGMYRI","ser_url":"https:\/\/cadenaser.com\/comunitat-valenciana\/2025\/05\/06\/la-semana-santa-eleva-la-contratacion-en-benidorm-y-la-marina-baixa-un-106-respecto-al-ano-pasado-radio-benidorm\/"},"_links":{"self":[{"href":"https:\/\/serbenidorm.daliisolutions.com\/index.php\/wp-json\/wp\/v2\/posts\/14808","targetHints":{"allow":["GET"]}}],"collection":[{"href":"https:\/\/serbenidorm.daliisolutions.com\/index.php\/wp-json\/wp\/v2\/posts"}],"about":[{"href":"https:\/\/serbenidorm.daliisolutions.com\/index.php\/wp-json\/wp\/v2\/types\/post"}],"replies":[{"embeddable":true,"href":"https:\/\/serbenidorm.daliisolutions.com\/index.php\/wp-json\/wp\/v2\/comments?post=14808"}],"version-history":[{"count":0,"href":"https:\/\/serbenidorm.daliisolutions.com\/index.php\/wp-json\/wp\/v2\/posts\/14808\/revisions"}],"wp:featuredmedia":[{"embeddable":true,"href":"https:\/\/serbenidorm.daliisolutions.com\/index.php\/wp-json\/wp\/v2\/media\/14809"}],"wp:attachment":[{"href":"https:\/\/serbenidorm.daliisolutions.com\/index.php\/wp-json\/wp\/v2\/media?parent=14808"}],"wp:term":[{"taxonomy":"category","embeddable":true,"href":"https:\/\/serbenidorm.daliisolutions.com\/index.php\/wp-json\/wp\/v2\/categories?post=14808"},{"taxonomy":"post_tag","embeddable":true,"href":"https:\/\/serbenidorm.daliisolutions.com\/index.php\/wp-json\/wp\/v2\/tags?post=14808"}],"curies":[{"name":"wp","href":"https:\/\/api.w.org\/{rel}","templated":true}]}}