{"id":14859,"date":"2025-05-07T19:17:07","date_gmt":"2025-05-07T17:17:07","guid":{"rendered":"https:\/\/serbenidorm.daliisolutions.com\/index.php\/2025\/05\/07\/las-doce-playas-de-benidorm-y-la-marina-baixa-con-bandera-azul-entra-una-nueva-recuperan-dos-y-se-pierden-otras-dos\/"},"modified":"2025-05-07T19:17:07","modified_gmt":"2025-05-07T17:17:07","slug":"las-doce-playas-de-benidorm-y-la-marina-baixa-con-bandera-azul-entra-una-nueva-recuperan-dos-y-se-pierden-otras-dos","status":"publish","type":"post","link":"https:\/\/serbenidorm.daliisolutions.com\/index.php\/2025\/05\/07\/las-doce-playas-de-benidorm-y-la-marina-baixa-con-bandera-azul-entra-una-nueva-recuperan-dos-y-se-pierden-otras-dos\/","title":{"rendered":"Las doce playas de Benidorm y la Marina Baixa con bandera azul: entra una nueva, recuperan dos y se pierden otras dos"},"content":{"rendered":"  <p><div data-adtype=\"MLDB\"><\/div><\/p>   <p>Benidorm<\/p>   <p>La Marina Baixa consigue doce de las 164 ense\u00f1as otorgadas en la Comunitat Valenciana por la Asociaci\u00f3n de Educaci\u00f3n Ambiental y del Consumidor (Adeac) para distinguir la excelencia y calidad de playas.<\/p>   <p>En esta edici\u00f3n Adeac ha concedido a seis banderas azules a Villajoyosa, tres a Altea, dos a Benidorm y una al Albir. La Cala de Finestrat no consigue el reconocimiento.<\/p>   <p><p>M\u00e1s informaci\u00f3n<\/p><ul><li><a href=\"https:\/\/cadenaser.com\/comunitat-valenciana\/2025\/05\/07\/la-comunitat-valenciana-de-nuevo-a-la-cabeza-de-las-banderas-azules-en-playas-y-puertos-de-espana-en-2025-radio-valencia\/\"><span>La Comunitat Valenciana, de nuevo a la cabeza de las banderas azules<\/span><\/a><\/li><\/ul><\/p>   <p>Entre las novedades destaca la playa del Bol, en la villa blanca, que consigue por primera vez un premio que recuperan este 2025 el Rac\u00f3 del Albir y Poniente, en Benidorm. <\/p>   <p><a href=\"https:\/\/cadenaser.com\/tag\/benidorm\/a\/\" target=\"_blank\" rel=\"nofollow\" title=\"https:\/\/cadenaser.com\/tag\/benidorm\/a\/\">Sale sin embargo de la n\u00f3mina de banderas azules la cala de Mal Pas, la m\u00e1s c\u00e9ntrica de la capital tur\u00edstica, junto al Castell<\/a>, y la concejala del \u00e1rea M\u00f3nica G\u00f3mez ha explicado que este a\u00f1o no se ha presentado a la elecci\u00f3n por las obras pendientes de ejecutar en ella. Se queda fuera adem\u00e1s la del Espig\u00f3 de Altea. <\/p>   <p>Las banderas de la Marina Baixa, de norte a sur<\/p>   <p>Altea<\/p>   <p><li>Cap Blanc<\/li><li>La Roda<\/li><li>El bol (nueva)<\/li><\/p>   <p>L&#8217;Alfas del Pi<\/p>   <p><li>Rac\u00f3 de l&#8217;Albir<\/li><\/p>   <p>Benidorm<\/p>   <p><li>Llevant<\/li><li>Ponent<\/li><\/p>   <p>Villajoyosa<\/p>   <p><li>Bol Nou<\/li><li>Ciutat (centro)<\/li><li>De Torres<\/li><li>La Caleta<\/li><li>Parad\u00eds<\/li><li>Varadero<\/li><\/p>   <p>Por provincias Alicante lidera con 89 galardones, seguida de Valencia con 39 y Castell\u00f3n con 36, consolid\u00e1ndola adem\u00e1s como la m\u00e1s premiada de toda Espa\u00f1a.<\/p> ","protected":false},"excerpt":{"rendered":"<p>Seis en Villajoyosa, tres en Altea, dos en Benidorm y la del Albir<\/p>\n","protected":false},"author":0,"featured_media":14860,"comment_status":"open","ping_status":"open","sticky":false,"template":"","format":"standard","meta":{"_acf_changed":false,"footnotes":""},"categories":[1],"tags":[],"class_list":["post-14859","post","type-post","status-publish","format-standard","has-post-thumbnail","hentry","category-sin-categoria"],"acf":{"ser_id":"ZSJ2D67WBJDSHNFNPMSP2DRRO4","ser_url":"https:\/\/cadenaser.com\/comunitat-valenciana\/2025\/05\/07\/las-doce-playas-de-benidorm-y-la-marina-baixa-con-bandera-azul-entra-una-nueva-recuperan-dos-y-se-pierden-otras-dos-radio-benidorm\/"},"_links":{"self":[{"href":"https:\/\/serbenidorm.daliisolutions.com\/index.php\/wp-json\/wp\/v2\/posts\/14859","targetHints":{"allow":["GET"]}}],"collection":[{"href":"https:\/\/serbenidorm.daliisolutions.com\/index.php\/wp-json\/wp\/v2\/posts"}],"about":[{"href":"https:\/\/serbenidorm.daliisolutions.com\/index.php\/wp-json\/wp\/v2\/types\/post"}],"replies":[{"embeddable":true,"href":"https:\/\/serbenidorm.daliisolutions.com\/index.php\/wp-json\/wp\/v2\/comments?post=14859"}],"version-history":[{"count":0,"href":"https:\/\/serbenidorm.daliisolutions.com\/index.php\/wp-json\/wp\/v2\/posts\/14859\/revisions"}],"wp:featuredmedia":[{"embeddable":true,"href":"https:\/\/serbenidorm.daliisolutions.com\/index.php\/wp-json\/wp\/v2\/media\/14860"}],"wp:attachment":[{"href":"https:\/\/serbenidorm.daliisolutions.com\/index.php\/wp-json\/wp\/v2\/media?parent=14859"}],"wp:term":[{"taxonomy":"category","embeddable":true,"href":"https:\/\/serbenidorm.daliisolutions.com\/index.php\/wp-json\/wp\/v2\/categories?post=14859"},{"taxonomy":"post_tag","embeddable":true,"href":"https:\/\/serbenidorm.daliisolutions.com\/index.php\/wp-json\/wp\/v2\/tags?post=14859"}],"curies":[{"name":"wp","href":"https:\/\/api.w.org\/{rel}","templated":true}]}}