{"id":14863,"date":"2025-05-07T19:17:08","date_gmt":"2025-05-07T17:17:08","guid":{"rendered":"https:\/\/serbenidorm.daliisolutions.com\/index.php\/2025\/05\/07\/arrancan-las-obras-de-mejora-de-alcantarillado-y-pluviales-en-la-calle-ibiza-de-benidorm\/"},"modified":"2025-05-07T19:17:08","modified_gmt":"2025-05-07T17:17:08","slug":"arrancan-las-obras-de-mejora-de-alcantarillado-y-pluviales-en-la-calle-ibiza-de-benidorm","status":"publish","type":"post","link":"https:\/\/serbenidorm.daliisolutions.com\/index.php\/2025\/05\/07\/arrancan-las-obras-de-mejora-de-alcantarillado-y-pluviales-en-la-calle-ibiza-de-benidorm\/","title":{"rendered":"Arrancan las obras de mejora de alcantarillado y pluviales en la calle Ibiza de Benidorm"},"content":{"rendered":"  <p><div data-adtype=\"MLDB\"><\/div><\/p>   <p>Benidorm<\/p>   <p>La segunda fase de las obras de renovaci\u00f3n de infraestructuras hidr\u00e1ulicas en la calle Ibiza de Benidorm ya ha dado inicio.<\/p>   <p>Los trabajos se centran en el tramo del vial comprendido entre al avenida de Europa y la Calle Murcia y vienen a complementar los ya realizados en la secci\u00f3n que va en sentido contrario, desde la avenida de Europa hasta la calle Esperanto.<\/p>   <p>Seg\u00fan ha informado la Concejal\u00eda de Ciclo del Agua las obras consisten en la renovaci\u00f3n del alcantarillado, la creaci\u00f3n de una red de recogida de aguas pluviales y la conexi\u00f3n a la red de agua reutilizada que ya se implant\u00f3 en el tramo anterior.<\/p>   <p>Adem\u00e1s no solo se actuar\u00e1 en el subsuelo, sino que el proyecto recoge la mejora de las aceras, trabajos de pavimentaci\u00f3n y la renovaci\u00f3n de mobiliario p\u00fablico, replantado de arbolado y mejora de la accesibilidad. <\/p>   <p>El edil de Ciclo del Agua, Jos\u00e9 Ram\u00f3n Gonz\u00e1lez de Z\u00e1rate, ha explicado que el Ayuntamiento ha decidido actuar en este vial debido a que \u201cpresentaba signos de desgaste despu\u00e9s de d\u00e9cadas sin intervenir\u201d, lo cual ha generado \u201caver\u00edas e intervenciones continuas del servicio municipal\u201d.<\/p>   <p>As\u00ed, Gonz\u00e1lez de Z\u00e1rate asegura que, una vez terminadas las obras, se podr\u00e1 acabar con los problemas que sufr\u00eda el vial debido a lo obsoleto de sus infraestructuras.<\/p> ","protected":false},"excerpt":{"rendered":"<p>Afecta al tramo comprendido entre las cales Europa y Murcia<\/p>\n","protected":false},"author":0,"featured_media":14864,"comment_status":"open","ping_status":"open","sticky":false,"template":"","format":"standard","meta":{"_acf_changed":false,"footnotes":""},"categories":[1],"tags":[],"class_list":["post-14863","post","type-post","status-publish","format-standard","has-post-thumbnail","hentry","category-sin-categoria"],"acf":{"ser_id":"UCTXSCZQO5FRLOZCFIDUUHKJ7E","ser_url":"https:\/\/cadenaser.com\/comunitat-valenciana\/2025\/05\/07\/arrancan-las-obras-de-mejora-de-alcantarillado-y-pluviales-en-la-calle-ibiza-de-benidorm-radio-benidorm\/"},"_links":{"self":[{"href":"https:\/\/serbenidorm.daliisolutions.com\/index.php\/wp-json\/wp\/v2\/posts\/14863","targetHints":{"allow":["GET"]}}],"collection":[{"href":"https:\/\/serbenidorm.daliisolutions.com\/index.php\/wp-json\/wp\/v2\/posts"}],"about":[{"href":"https:\/\/serbenidorm.daliisolutions.com\/index.php\/wp-json\/wp\/v2\/types\/post"}],"replies":[{"embeddable":true,"href":"https:\/\/serbenidorm.daliisolutions.com\/index.php\/wp-json\/wp\/v2\/comments?post=14863"}],"version-history":[{"count":0,"href":"https:\/\/serbenidorm.daliisolutions.com\/index.php\/wp-json\/wp\/v2\/posts\/14863\/revisions"}],"wp:featuredmedia":[{"embeddable":true,"href":"https:\/\/serbenidorm.daliisolutions.com\/index.php\/wp-json\/wp\/v2\/media\/14864"}],"wp:attachment":[{"href":"https:\/\/serbenidorm.daliisolutions.com\/index.php\/wp-json\/wp\/v2\/media?parent=14863"}],"wp:term":[{"taxonomy":"category","embeddable":true,"href":"https:\/\/serbenidorm.daliisolutions.com\/index.php\/wp-json\/wp\/v2\/categories?post=14863"},{"taxonomy":"post_tag","embeddable":true,"href":"https:\/\/serbenidorm.daliisolutions.com\/index.php\/wp-json\/wp\/v2\/tags?post=14863"}],"curies":[{"name":"wp","href":"https:\/\/api.w.org\/{rel}","templated":true}]}}