{"id":1487,"date":"2024-01-17T12:28:38","date_gmt":"2024-01-17T11:28:38","guid":{"rendered":"https:\/\/serbenidorm.daliisolutions.com\/index.php\/2024\/01\/17\/el-tm-benidorm-volvera-a-la-liga-asobal-en-la-cancha-de-agustinos-alicante\/"},"modified":"2024-01-17T12:28:38","modified_gmt":"2024-01-17T11:28:38","slug":"el-tm-benidorm-volvera-a-la-liga-asobal-en-la-cancha-de-agustinos-alicante","status":"publish","type":"post","link":"https:\/\/serbenidorm.daliisolutions.com\/index.php\/2024\/01\/17\/el-tm-benidorm-volvera-a-la-liga-asobal-en-la-cancha-de-agustinos-alicante\/","title":{"rendered":"El TM Benidorm volver\u00e1 a la Liga Asobal en la cancha de Agustinos Alicante"},"content":{"rendered":"  <p>Benidorm<\/p>   <p>Todav\u00eda faltan dos semanas para que el pr\u00f3ximo domingo, 4 de febrero, el <a href=\"https:\/\/cadenaser.com\/tag\/club_balonmano_benidorm\/a\/\" target=\"_blank\" rel=\"noopener\">TM Benidorm<\/a> regrese a la competici\u00f3n con motivo de la 16\u00aa jornada de la <a href=\"https:\/\/cadenaser.com\/tag\/liga_asobal\/a\/\" target=\"_blank\" rel=\"noopener\">Liga Asobal<\/a>, primera de la segunda vuelta, que medir\u00e1 a los de Sergio Carballeira con el Blendio Sinf\u00edn c\u00e1ntabro, un partido que deber\u00eda de disputarse en el Palau d\u2019Esports l\u2019Illa de Benidorm, pero que debido a la celebraci\u00f3n del Benidorm Fest en ese recinto se ha trasladado a la pista de la Fundaci\u00f3n Agustinos de Alicante.<\/p>  <p><p>M\u00e1s informaci\u00f3n<\/p><figure><img decoding=\"async\" src=\"https:\/\/cadenaser.com\/resizer\/tqoV24rtkk3_Y16KXkJqwSc9VAc=\/650x366\/filters:quality(70)\/cloudfront-eu-central-1.images.arcpublishing.com\/prisaradio\/6SSS3K4UNBGLLLBHUKUPS74RUQ.JPG\" loading=\"lazy\" width=\"828\" height=\"621\" \/><\/figure><ul><li><a href=\"https:\/\/cadenaser.com\/comunitat-valenciana\/2023\/09\/05\/todos-los-partidos-los-horarios-y-los-resultados-del-tm-benidorm-2023-2024-radio-benidorm\/\">Todos los partidos, los horarios y los resultados del TM Benidorm 2023-2024<\/a><\/li><\/ul><\/p>   <p>Ya en la primera vuelta, los de Sergio Carballeira, tuvieron que disputar su partido como locales contra Cuenca en la vecina localidad de Altea, instalaciones en las que ahora est\u00e1 preparando la vuelta a la competici\u00f3n, pero las necesidades m\u00ednimas que dispone la Liga Asobal como una pista con l\u00edneas exclusivas de balonmano, o unos niveles lum\u00ednicos m\u00ednimos para la adecuada retransmisi\u00f3n televisiva, han obligado a tener que buscar una nueva instalaci\u00f3n.<\/p>   <p>Desde la entidad benidormense han explicado que \u201cpuestos en contacto con el club alicantino de la Fundaci\u00f3n Agustinos Alicante, la respuesta fue r\u00e1pida y enseguida nos pusieron todas las facilidades posibles para la disputa del partido\u201d. Ahora, en \u00faltima instancia, el Comit\u00e9 de Competici\u00f3n de la Real Federaci\u00f3n Espa\u00f1ola de Balonmano ha aprobado el uso de la instalaci\u00f3n.<\/p> ","protected":false},"excerpt":{"rendered":"<p>La celebraci\u00f3n del Benidorm Fest en el Palau d\u2019Esports obliga al equipo de Sergio Carballeira a buscar una cancha alternativa<\/p>\n","protected":false},"author":0,"featured_media":1488,"comment_status":"open","ping_status":"open","sticky":false,"template":"","format":"standard","meta":{"_acf_changed":false,"footnotes":""},"categories":[16],"tags":[],"class_list":["post-1487","post","type-post","status-publish","format-standard","has-post-thumbnail","hentry","category-deportes"],"acf":{"ser_id":"UNBIT77MKZEU5DR66EQRGFAIPM","ser_url":"https:\/\/cadenaser.com\/comunitat-valenciana\/2024\/01\/17\/el-tm-benidorm-volvera-a-la-liga-asobal-en-la-cancha-de-agustinos-alicante-radio-benidorm\/"},"_links":{"self":[{"href":"https:\/\/serbenidorm.daliisolutions.com\/index.php\/wp-json\/wp\/v2\/posts\/1487","targetHints":{"allow":["GET"]}}],"collection":[{"href":"https:\/\/serbenidorm.daliisolutions.com\/index.php\/wp-json\/wp\/v2\/posts"}],"about":[{"href":"https:\/\/serbenidorm.daliisolutions.com\/index.php\/wp-json\/wp\/v2\/types\/post"}],"replies":[{"embeddable":true,"href":"https:\/\/serbenidorm.daliisolutions.com\/index.php\/wp-json\/wp\/v2\/comments?post=1487"}],"version-history":[{"count":0,"href":"https:\/\/serbenidorm.daliisolutions.com\/index.php\/wp-json\/wp\/v2\/posts\/1487\/revisions"}],"wp:featuredmedia":[{"embeddable":true,"href":"https:\/\/serbenidorm.daliisolutions.com\/index.php\/wp-json\/wp\/v2\/media\/1488"}],"wp:attachment":[{"href":"https:\/\/serbenidorm.daliisolutions.com\/index.php\/wp-json\/wp\/v2\/media?parent=1487"}],"wp:term":[{"taxonomy":"category","embeddable":true,"href":"https:\/\/serbenidorm.daliisolutions.com\/index.php\/wp-json\/wp\/v2\/categories?post=1487"},{"taxonomy":"post_tag","embeddable":true,"href":"https:\/\/serbenidorm.daliisolutions.com\/index.php\/wp-json\/wp\/v2\/tags?post=1487"}],"curies":[{"name":"wp","href":"https:\/\/api.w.org\/{rel}","templated":true}]}}