{"id":14882,"date":"2025-05-08T16:15:52","date_gmt":"2025-05-08T14:15:52","guid":{"rendered":"https:\/\/serbenidorm.daliisolutions.com\/index.php\/2025\/05\/08\/benidorm-celebra-su-700-aniversario-apelando-a-las-generaciones-futuras-para-seguir-siendo-referente-de-felicidad\/"},"modified":"2025-05-08T16:15:52","modified_gmt":"2025-05-08T14:15:52","slug":"benidorm-celebra-su-700-aniversario-apelando-a-las-generaciones-futuras-para-seguir-siendo-referente-de-felicidad","status":"publish","type":"post","link":"https:\/\/serbenidorm.daliisolutions.com\/index.php\/2025\/05\/08\/benidorm-celebra-su-700-aniversario-apelando-a-las-generaciones-futuras-para-seguir-siendo-referente-de-felicidad\/","title":{"rendered":"Benidorm celebra su 700 aniversario apelando a \u201clas generaciones futuras\u201d para seguir siendo \u201creferente de felicidad\u201d"},"content":{"rendered":"  <p><div data-adtype=\"MLDB\"><\/div><\/p>   <p>Benidorm<\/p>   <p>Benidorm ha celebrado hoy su d\u00eda grande como ciudad. Con un pleno institucional la Corporaci\u00f3n Municipal ha conmemorado los 700 a\u00f1os de historia de la Carta Pobla que el Almirante Bernat de Sarri\u00e0 firm\u00f3 el 8 de mayo de 1325 y que dio a Benidorm naturaleza de municipio propio, independiente de la Baron\u00eda de Polop.<\/p>   <p>Durante el pleno el alcalde, Toni P\u00e9rez, ha instado a la ciudadan\u00eda a aliarse para \u201cganar el futuro de Benidorm y de las generaciones futuras\u201d y para seguir \u201csiendo referente de felicidad para millones de personas\u201d.<\/p>   <p>El primer edil ha repasado los puntos m\u00e1s importantes del documento fundacional y algunas de las fechas y hechos clave en la historia de la poblaci\u00f3n a lo largo de estos 700 a\u00f1os. Tambi\u00e9n se ha referido al potencial de Benidorm como \u201cciudad de marinos y almadraberos\u201d, a la segunda Carta de Poblament de 1666, a la llegada de la Mare de De\u00fa del Sofratge y al inicio de la actividad tur\u00edstica. \u201cEn la segunda mitad del siglo XX y el primer cuarto del XXI nos han sido muy propicios gracias al turismo y al trabajo de cuantas personas lo han hecho posible\u201d, convirtiendo a Benidorm en \u201cun referente internacional como ciudad y destino tur\u00edstico\u201d, ha se\u00f1alado P\u00e9rez para, acto seguido, recordar que este 2025 Benidorm ha obtenido de la Comisi\u00f3n Europea el distintivo Pionero Verde Europeo del Turismo Inteligente.<\/p>   <p>El acto ha contado con la presencia de la Corporaci\u00f3n municipal, entre quienes se encontraba el tambi\u00e9n diputado auton\u00f3mico Jos\u00e9 Ram\u00f3n Gonz\u00e1lez de Z\u00e1rate, junto a sus compa\u00f1eros en Les Corts Manuel P\u00e9rez Fenoll y Mario Villar. Tambi\u00e9n han estado presentes la directora general de Familia e Infancia, Ang\u00e9lica Such; el ex alcalde Rafael Ferrer; integrantes de la Comissi\u00f3 del 700 aniversari; miembros del Grup Carta de Poblament; representantes de los Cuerpos y Fuerzas de Seguridad del Estado y de entidades empresariales, acad\u00e9micas, culturales, sociales, festeras y vecinales; as\u00ed como el mantenedor del acto de la Carta Pobla del pr\u00f3ximo s\u00e1bado y presidente de honor de la Comissi\u00f3 del aniversario, Rafael Alemany, entre otros.<\/p>   <p>Por otra parte y dentro de la agenda del 700 Aniversari, Correos ha presentado en el Sal\u00f3n de Pleno el sello que ha puesto en circulaci\u00f3n dedicado a los 700 a\u00f1os de historia de Benidorm.<\/p>   <p>Como han explicado desde la entidad, se trata del primer sello de una nueva serie filat\u00e9lica denominada \u2018Nuevas Ciudades\u2019.<\/p>   <p>Por su parte el alcalde ha afirmado que el proceso para lograr este sello \u201cha sido largo\u201d y que se trata de \u201cun homenaje al legado cultural de nuestro pa\u00eds y la historia de las comunicaciones\u201d<\/p>   <p>Por \u00faltimo este s\u00e1bado, 10 de mayo, la Pla\u00e7a de Sant Jaume ser\u00e1 escenario de la representaci\u00f3n de la Carta Pobla, por parte del Grup Carta de Poblament de la Associaci\u00f3 de Penyes Verge del Sofratge. Ser\u00e1 a las 21.30 horas y en esta ocasi\u00f3n la escenificaci\u00f3n contar\u00e1 adem\u00e1s con un acompa\u00f1amiento musical a cargo de un grupo de instrumentos de m\u00fasica antiguos. <\/p>   <p> <\/p>   <p> <\/p>   <p> <\/p>   <p> <\/p>   <p> <\/p> ","protected":false},"excerpt":{"rendered":"<p>Correos pone en circulaci\u00f3n un sello conmemorativo del aniversario de la Carta Pobla<\/p>\n","protected":false},"author":0,"featured_media":14883,"comment_status":"open","ping_status":"open","sticky":false,"template":"","format":"standard","meta":{"_acf_changed":false,"footnotes":""},"categories":[1],"tags":[],"class_list":["post-14882","post","type-post","status-publish","format-standard","has-post-thumbnail","hentry","category-sin-categoria"],"acf":{"ser_id":"Y3KEO46ML5G7VOEMUXXTQKTJ4A","ser_url":"https:\/\/cadenaser.com\/comunitat-valenciana\/2025\/05\/08\/benidorm-celebra-su-700-aniversario-apelando-a-las-generaciones-futuras-para-seguir-siendo-referente-de-felicidad-radio-benidorm\/"},"_links":{"self":[{"href":"https:\/\/serbenidorm.daliisolutions.com\/index.php\/wp-json\/wp\/v2\/posts\/14882","targetHints":{"allow":["GET"]}}],"collection":[{"href":"https:\/\/serbenidorm.daliisolutions.com\/index.php\/wp-json\/wp\/v2\/posts"}],"about":[{"href":"https:\/\/serbenidorm.daliisolutions.com\/index.php\/wp-json\/wp\/v2\/types\/post"}],"replies":[{"embeddable":true,"href":"https:\/\/serbenidorm.daliisolutions.com\/index.php\/wp-json\/wp\/v2\/comments?post=14882"}],"version-history":[{"count":0,"href":"https:\/\/serbenidorm.daliisolutions.com\/index.php\/wp-json\/wp\/v2\/posts\/14882\/revisions"}],"wp:featuredmedia":[{"embeddable":true,"href":"https:\/\/serbenidorm.daliisolutions.com\/index.php\/wp-json\/wp\/v2\/media\/14883"}],"wp:attachment":[{"href":"https:\/\/serbenidorm.daliisolutions.com\/index.php\/wp-json\/wp\/v2\/media?parent=14882"}],"wp:term":[{"taxonomy":"category","embeddable":true,"href":"https:\/\/serbenidorm.daliisolutions.com\/index.php\/wp-json\/wp\/v2\/categories?post=14882"},{"taxonomy":"post_tag","embeddable":true,"href":"https:\/\/serbenidorm.daliisolutions.com\/index.php\/wp-json\/wp\/v2\/tags?post=14882"}],"curies":[{"name":"wp","href":"https:\/\/api.w.org\/{rel}","templated":true}]}}