{"id":1489,"date":"2024-01-17T13:20:39","date_gmt":"2024-01-17T12:20:39","guid":{"rendered":"https:\/\/serbenidorm.daliisolutions.com\/index.php\/2024\/01\/17\/la-vela-da-paso-al-remo-en-la-bahia-de-benidorm\/"},"modified":"2024-01-17T13:20:39","modified_gmt":"2024-01-17T12:20:39","slug":"la-vela-da-paso-al-remo-en-la-bahia-de-benidorm","status":"publish","type":"post","link":"https:\/\/serbenidorm.daliisolutions.com\/index.php\/2024\/01\/17\/la-vela-da-paso-al-remo-en-la-bahia-de-benidorm\/","title":{"rendered":"La vela da paso al remo en la bah\u00eda de Benidorm"},"content":{"rendered":"  <p>Benidorm<\/p>   <p>Este domingo 21 de enero, una semana despu\u00e9s de cerrar la 50\u00aa edici\u00f3n de las Navidades N\u00e1uticas de vela, tendr\u00e1 lugar en el Club N\u00e1utico de Benidorm el inicio de la IV Regata de la Liga SUMA de Banco Fijo que organiza la Federaci\u00f3n de Remo de la Comunidad Valenciana y el propio club, con la colaboraci\u00f3n de la Concejal\u00eda de Deportes del Ayuntamiento de Benidorm. El inicio de la competici\u00f3n ser\u00e1 a las nueve de la ma\u00f1ana.<\/p>   <p>La previsi\u00f3n apunta a la participaci\u00f3n de 60 equipos procedentes de 15 clubs de toda la Comunidad Valenciana y un total de 540 deportistas en modalidades que van desde cadetes a veteranos masculinos y femeninos, adem\u00e1s de los equipos de SCM (Superado el C\u00e1ncer de Mama). El Club N\u00e1utico Benidorm, que en esta ocasi\u00f3n rema en casa, participar\u00e1 con cuatro equipos: veterano femenino y masculino y absolutos masculino y femenino, adem\u00e1s del equipo de An\u00e9mona en categor\u00eda SCM.<\/p>   <p>En cuanto a la previsi\u00f3n climatol\u00f3gica, se espera un d\u00eda soleado y con vientos del suroeste con unos ocho nudos de intensidad que, a priori, propiciar\u00e1n una prueba dif\u00edcil por el estado del mar y que las salidas de las embarcaciones puedan suponer alguna complicaci\u00f3n para los \u00e1rbitros.<\/p>   <p>Con un gran n\u00famero de aficionados entre deportistas y visitantes, el recorrido previsto tendr\u00e1 una longitud de 5.000 metros para los equipos absolutos, veteranos, juveniles y SCM y de 2.000 metros para los cadetes. La salida tendr\u00e1 lugar cerca del espig\u00f3n con el fin de que desde el puerto se puedan contemplar los inicios de cada prueba. Desde ah\u00ed partir\u00e1n hasta la playa del T\u00edo Ximo en el Rinc\u00f3n de Loix para tomar las balizas y dirigirse de nuevo hacia el puerto.<\/p>   <p>La organizaci\u00f3n ha animado a todos los aficionados al mar y a las regatas a que acudan el domingo al Club N\u00e1utico para apreciar la belleza de este duro y apasionante deporte del remo.<\/p> ","protected":false},"excerpt":{"rendered":"<p>Este fin de semana se celebrar\u00e1 la IV Regata de la Liga SUMA con 540 deportistas de 60 equipos<\/p>\n","protected":false},"author":0,"featured_media":1490,"comment_status":"open","ping_status":"open","sticky":false,"template":"","format":"standard","meta":{"_acf_changed":false,"footnotes":""},"categories":[16],"tags":[],"class_list":["post-1489","post","type-post","status-publish","format-standard","has-post-thumbnail","hentry","category-deportes"],"acf":{"ser_id":"EUKJ2YRFKJDYBEX3PQPU54N7MQ","ser_url":"https:\/\/cadenaser.com\/comunitat-valenciana\/2024\/01\/17\/la-vela-da-paso-al-remo-en-la-bahia-de-benidorm-radio-benidorm\/"},"_links":{"self":[{"href":"https:\/\/serbenidorm.daliisolutions.com\/index.php\/wp-json\/wp\/v2\/posts\/1489","targetHints":{"allow":["GET"]}}],"collection":[{"href":"https:\/\/serbenidorm.daliisolutions.com\/index.php\/wp-json\/wp\/v2\/posts"}],"about":[{"href":"https:\/\/serbenidorm.daliisolutions.com\/index.php\/wp-json\/wp\/v2\/types\/post"}],"replies":[{"embeddable":true,"href":"https:\/\/serbenidorm.daliisolutions.com\/index.php\/wp-json\/wp\/v2\/comments?post=1489"}],"version-history":[{"count":0,"href":"https:\/\/serbenidorm.daliisolutions.com\/index.php\/wp-json\/wp\/v2\/posts\/1489\/revisions"}],"wp:featuredmedia":[{"embeddable":true,"href":"https:\/\/serbenidorm.daliisolutions.com\/index.php\/wp-json\/wp\/v2\/media\/1490"}],"wp:attachment":[{"href":"https:\/\/serbenidorm.daliisolutions.com\/index.php\/wp-json\/wp\/v2\/media?parent=1489"}],"wp:term":[{"taxonomy":"category","embeddable":true,"href":"https:\/\/serbenidorm.daliisolutions.com\/index.php\/wp-json\/wp\/v2\/categories?post=1489"},{"taxonomy":"post_tag","embeddable":true,"href":"https:\/\/serbenidorm.daliisolutions.com\/index.php\/wp-json\/wp\/v2\/tags?post=1489"}],"curies":[{"name":"wp","href":"https:\/\/api.w.org\/{rel}","templated":true}]}}