{"id":14900,"date":"2025-05-08T19:50:49","date_gmt":"2025-05-08T17:50:49","guid":{"rendered":"https:\/\/serbenidorm.daliisolutions.com\/index.php\/2025\/05\/08\/la-escuela-oficial-de-idiomas-de-benidorm-retoma-este-viernes-las-protestas\/"},"modified":"2025-05-08T19:50:49","modified_gmt":"2025-05-08T17:50:49","slug":"la-escuela-oficial-de-idiomas-de-benidorm-retoma-este-viernes-las-protestas","status":"publish","type":"post","link":"https:\/\/serbenidorm.daliisolutions.com\/index.php\/2025\/05\/08\/la-escuela-oficial-de-idiomas-de-benidorm-retoma-este-viernes-las-protestas\/","title":{"rendered":"La Escuela Oficial de Idiomas de Benidorm retoma este viernes las protestas"},"content":{"rendered":"  <p><div data-adtype=\"MLDB\"><\/div><\/p>   <p>Benidorm<\/p>   <p>El claustro de la Escuela Oficial de Idiomas (EOI) de Benidorm, en pie de guerra. Sus 30 profesores cargan contra la nueva orden de plantillas prevista por la Conselleria de Educaci\u00f3n y denuncian que se va a traducir en unas peores condiciones laborales.<\/p>   <p>No se recortan grupos, como ya pas\u00f3 el a\u00f1o pasado, pero la directora del centro ha explicado en <a href=\"https:\/\/cadenaser.com\/tag\/benidorm\/a\/\" target=\"_blank\" rel=\"nofollow\" title=\"https:\/\/cadenaser.com\/tag\/benidorm\/a\/\">La Ventana de la Marina Baixa<\/a> que el personal tendr\u00e1 m\u00e1s horas de clase y menos tiempo para coordinar departamentos.<\/p>   <p><p>M\u00e1s informaci\u00f3n<\/p><ul><li><a href=\"https:\/\/cadenaser.com\/comunitat-valenciana\/2025\/05\/06\/la-semana-santa-eleva-la-contratacion-en-benidorm-y-la-marina-baixa-un-106-respecto-al-ano-pasado-radio-benidorm\/\"><span>La Semana Santa eleva la contrataci\u00f3n en Benidorm y la Marina Baixa un 10,6% respecto al a\u00f1o pasado<\/span><\/a><\/li><\/ul><\/p>   <p>\u00abLa jefa de departamento ten\u00eda cuatro horas para organizar actividades, preparar la memoria o el inventario, y ahora tendr\u00e1 dos; los profesores dan normalmente 18 horas lectivas y con esta orden van a asumir m\u00e1s de las que te\u00f3ricamente le corresponden\u00bb, ha apuntado Cristina Palaz\u00f3n.<\/p>   <p>A esto se suma que el equipo directivo tiene que ayudar a los dos auxiliares administrativos para las matr\u00edculas de 2.300 alumnos, el 45 % extranjeros.<\/p>   <p>Palaz\u00f3n ha recordado que m\u00e1s de dos d\u00e9cadas despu\u00e9s de su apertura la escuela sigue sin contar con edificio propio y ha reivindicado su labor formativa, especialmente con esa poblaci\u00f3n extranjera que necesita el idioma para integrarse y que tambi\u00e9n tiene serias dificultades con la matr\u00edcula.<\/p> ","protected":false},"excerpt":{"rendered":"<p>Sus trabajadores denuncian peores condiciones laborales para el pr\u00f3ximo curso tras tras los recortes de grupos del a\u00f1o pasado<\/p>\n","protected":false},"author":0,"featured_media":14901,"comment_status":"open","ping_status":"open","sticky":false,"template":"","format":"standard","meta":{"_acf_changed":false,"footnotes":""},"categories":[1],"tags":[],"class_list":["post-14900","post","type-post","status-publish","format-standard","has-post-thumbnail","hentry","category-sin-categoria"],"acf":{"ser_id":"35CKFIS6MZCKZIO22CZ4XMTVYA","ser_url":"https:\/\/cadenaser.com\/comunitat-valenciana\/2025\/05\/08\/la-escuela-oficial-de-idiomas-de-benidorm-recupera-este-viernes-las-protestas-radio-benidorm\/"},"_links":{"self":[{"href":"https:\/\/serbenidorm.daliisolutions.com\/index.php\/wp-json\/wp\/v2\/posts\/14900","targetHints":{"allow":["GET"]}}],"collection":[{"href":"https:\/\/serbenidorm.daliisolutions.com\/index.php\/wp-json\/wp\/v2\/posts"}],"about":[{"href":"https:\/\/serbenidorm.daliisolutions.com\/index.php\/wp-json\/wp\/v2\/types\/post"}],"replies":[{"embeddable":true,"href":"https:\/\/serbenidorm.daliisolutions.com\/index.php\/wp-json\/wp\/v2\/comments?post=14900"}],"version-history":[{"count":0,"href":"https:\/\/serbenidorm.daliisolutions.com\/index.php\/wp-json\/wp\/v2\/posts\/14900\/revisions"}],"wp:featuredmedia":[{"embeddable":true,"href":"https:\/\/serbenidorm.daliisolutions.com\/index.php\/wp-json\/wp\/v2\/media\/14901"}],"wp:attachment":[{"href":"https:\/\/serbenidorm.daliisolutions.com\/index.php\/wp-json\/wp\/v2\/media?parent=14900"}],"wp:term":[{"taxonomy":"category","embeddable":true,"href":"https:\/\/serbenidorm.daliisolutions.com\/index.php\/wp-json\/wp\/v2\/categories?post=14900"},{"taxonomy":"post_tag","embeddable":true,"href":"https:\/\/serbenidorm.daliisolutions.com\/index.php\/wp-json\/wp\/v2\/tags?post=14900"}],"curies":[{"name":"wp","href":"https:\/\/api.w.org\/{rel}","templated":true}]}}