{"id":14910,"date":"2025-05-09T13:24:12","date_gmt":"2025-05-09T11:24:12","guid":{"rendered":"https:\/\/serbenidorm.daliisolutions.com\/index.php\/2025\/05\/09\/tram-entre-benidorm-y-villajoyosa-bus-alternativo-al-menos-hasta-junio-por-retraso-en-la-obra\/"},"modified":"2025-05-09T13:24:12","modified_gmt":"2025-05-09T11:24:12","slug":"tram-entre-benidorm-y-villajoyosa-bus-alternativo-al-menos-hasta-junio-por-retraso-en-la-obra","status":"publish","type":"post","link":"https:\/\/serbenidorm.daliisolutions.com\/index.php\/2025\/05\/09\/tram-entre-benidorm-y-villajoyosa-bus-alternativo-al-menos-hasta-junio-por-retraso-en-la-obra\/","title":{"rendered":"TRAM entre Benidorm y Villajoyosa: bus alternativo al menos hasta junio por retraso en la obra"},"content":{"rendered":"  <p><div data-adtype=\"MLDB\"><\/div><\/p>   <p>Benidorm<\/p>   <p>Ferrocarrils de la Generalitat Valenciana (FGV) ya ha hecho oficial que el servicio del TRAM entre Benidorm y Villajoyosa seguir\u00e1 siendo cubierto por autobuses debido al retraso de las obras de duplicaci\u00f3n y electrificaci\u00f3n de la v\u00eda.<\/p>   <p>En concreto estos trabajos afectan<a href=\"https:\/\/cadenaser.com\/tag\/benidorm\/a\/\" target=\"_blank\" rel=\"nofollow\" title=\"https:\/\/cadenaser.com\/tag\/benidorm\/a\/\">\u00a0entre las estaciones del Hospital de La Vila Joiosa y Benidorm de la L\u00ednea 1 (Luceros-Benidorm)<\/a> y, aunque la previsi\u00f3n en su finalizaci\u00f3n era finales de abril, una demora en los materiales extender\u00e1 esta l\u00f3gica molestia para los usuarios al menos hasta mediados de junio.<\/p>  <p><p>M\u00e1s informaci\u00f3n<\/p><figure><img loading=\"lazy\" decoding=\"async\" src=\"https:\/\/cadenaser.com\/resizer\/v2\/LDTKFUUDLZHZ5CH5RWJUWBRWSU.jpg?auth=7b8cd59b4aabf21b3a93edbcda75b7fec23641a3542f0cac1dd2433a8bf5b068&amp;quality=70&amp;width=360&amp;height=202&amp;smart=true\" width=\"820\" height=\"621\" \/><\/figure><ul><li><a href=\"https:\/\/cadenaser.com\/comunitat-valenciana\/2025\/05\/07\/arrancan-las-obras-de-mejora-de-alcantarillado-y-pluviales-en-la-calle-ibiza-de-benidorm-radio-benidorm\/\"><span>Arrancan las obras de mejora de alcantarillado y pluviales en la calle Ibiza de Benidorm<\/span><\/a><\/li><\/ul><\/p>   <p>Ese alternativo servicio de autob\u00fas hace parada en Benidorm, Cala Finestrat, Hospital Vila, Costera Pastor y Creueta, enlazando con el servicio ferroviario en circulaci\u00f3n, en las paradas de Creueta (direcci\u00f3n Luceros) y Benidorm (direcci\u00f3n D\u00e9nia). En el tramo afectado, \u00fanicamente queda sin servicio de autob\u00fas el apeadero de Terra M\u00edtica.<\/p>   <p>En teor\u00eda esos autobuses deben cumplir la programaci\u00f3n que tendr\u00edan los tranv\u00edas, si bien los usuarios han expresado desde el inicio de las obras, a finales de enero, sus quejas porque los veh\u00edculos llegan o salen tarde dificultando los trasbordos.<\/p>   <p>Contacto<\/p>   <p>Para m\u00e1s informaci\u00f3n sobre los servicios, los usuarios pueden consultar los horarios de paso, adem\u00e1s de en las estaciones y paradas de TRAM, en el tel\u00e9fono de informaci\u00f3n de Atenci\u00f3n al Cliente (900 72 04 72), as\u00ed como en la p\u00e1gina web\u00a0<a href=\"http:\/\/www.tramalacant.es\/\" target=\"_blank\" rel=\"nofollow\">www.tramalacant.es<\/a>\u00a0y la app oficial.<\/p> ","protected":false},"excerpt":{"rendered":"<p>Ferrocarrils hace oficial el cambio de planes por la demora de los materiales<\/p>\n","protected":false},"author":0,"featured_media":14911,"comment_status":"open","ping_status":"open","sticky":false,"template":"","format":"standard","meta":{"_acf_changed":false,"footnotes":""},"categories":[1],"tags":[],"class_list":["post-14910","post","type-post","status-publish","format-standard","has-post-thumbnail","hentry","category-sin-categoria"],"acf":{"ser_id":"TRKOB7FXZFECVDX3BHTMVV5BDQ","ser_url":"https:\/\/cadenaser.com\/comunitat-valenciana\/2025\/05\/09\/tram-entre-benidorm-y-villajoyosa-bus-alternativo-al-menos-hasta-junio-por-retraso-en-la-obra-radio-benidorm\/"},"_links":{"self":[{"href":"https:\/\/serbenidorm.daliisolutions.com\/index.php\/wp-json\/wp\/v2\/posts\/14910","targetHints":{"allow":["GET"]}}],"collection":[{"href":"https:\/\/serbenidorm.daliisolutions.com\/index.php\/wp-json\/wp\/v2\/posts"}],"about":[{"href":"https:\/\/serbenidorm.daliisolutions.com\/index.php\/wp-json\/wp\/v2\/types\/post"}],"replies":[{"embeddable":true,"href":"https:\/\/serbenidorm.daliisolutions.com\/index.php\/wp-json\/wp\/v2\/comments?post=14910"}],"version-history":[{"count":0,"href":"https:\/\/serbenidorm.daliisolutions.com\/index.php\/wp-json\/wp\/v2\/posts\/14910\/revisions"}],"wp:featuredmedia":[{"embeddable":true,"href":"https:\/\/serbenidorm.daliisolutions.com\/index.php\/wp-json\/wp\/v2\/media\/14911"}],"wp:attachment":[{"href":"https:\/\/serbenidorm.daliisolutions.com\/index.php\/wp-json\/wp\/v2\/media?parent=14910"}],"wp:term":[{"taxonomy":"category","embeddable":true,"href":"https:\/\/serbenidorm.daliisolutions.com\/index.php\/wp-json\/wp\/v2\/categories?post=14910"},{"taxonomy":"post_tag","embeddable":true,"href":"https:\/\/serbenidorm.daliisolutions.com\/index.php\/wp-json\/wp\/v2\/tags?post=14910"}],"curies":[{"name":"wp","href":"https:\/\/api.w.org\/{rel}","templated":true}]}}