{"id":1492,"date":"2024-01-17T15:15:24","date_gmt":"2024-01-17T14:15:24","guid":{"rendered":"https:\/\/serbenidorm.daliisolutions.com\/index.php\/2024\/01\/17\/finestrat-aprobara-en-el-proximo-pleno-el-proyecto-basico-y-de-ejecucion-del-primer-instituto-del-municipio\/"},"modified":"2024-01-17T15:15:24","modified_gmt":"2024-01-17T14:15:24","slug":"finestrat-aprobara-en-el-proximo-pleno-el-proyecto-basico-y-de-ejecucion-del-primer-instituto-del-municipio","status":"publish","type":"post","link":"https:\/\/serbenidorm.daliisolutions.com\/index.php\/2024\/01\/17\/finestrat-aprobara-en-el-proximo-pleno-el-proyecto-basico-y-de-ejecucion-del-primer-instituto-del-municipio\/","title":{"rendered":"Finestrat aprobar\u00e1 en el pr\u00f3ximo pleno el proyecto b\u00e1sico y de ejecuci\u00f3n del primer instituto del municipio"},"content":{"rendered":"  <p>Finestrat<\/p>   <p>El Ayuntamiento de Finestrat aprobar\u00e1 en el pr\u00f3ximo pleno ordinario, previsto para el 31 de enero, el proyecto b\u00e1sico y de ejecuci\u00f3n del que ser\u00e1 el primer instituto de secundaria del municipio que se construir\u00e1 en una parcela ubicada a la entrada de la Urbanizaci\u00f3n Balc\u00f3n de Finestrat.<\/p>   <p>As\u00ed lo ha anunciado el acalde, <a href=\"https:\/\/cadenaser.com\/tag\/finestrat\/a\/\" target=\"_blank\" rel=\"noopener\">Juanfran P\u00e9rez<\/a>, en una entrevista en <a href=\"https:\/\/cadenaser.com\/radio-benidorm\/hoy-por-hoy-benidorm\/\" target=\"_blank\" rel=\"noopener\">Hoy por Hoy Benidorm<\/a> en la que tambi\u00e9n ha adelantado que se iniciar\u00e1 la fase de licitaci\u00f3n de obras de forma inmediata para que \u201cantes de terminar el verano, en agosto o septiembre, tengamos la obra adjudicada y los trabajos de construcci\u00f3n del centro puedan empezar antes de final de a\u00f1o\u201d.<\/p>   <p>De hecho P\u00e9rez, ha recordado que ha sido el Ayuntamiento quien pidi\u00f3 permiso a la Generalitat para adelantar los costes de redacci\u00f3n del proyecto de ejecuci\u00f3n con el fin de agilizar plazos. \u201cHemos adelantado seis meses de plazo y despu\u00e9s la Generalitat nos reembolsar\u00e1 ese adelanto porque es quien asumir\u00e1 la inversi\u00f3n\u201d, afirma el alcalde.<\/p>  <p><p>M\u00e1s informaci\u00f3n<\/p><figure><img decoding=\"async\" src=\"https:\/\/cadenaser.com\/resizer\/EuHSjGb9mQwexkzT8ll-__3VHik=\/650x366\/filters:quality(70)\/cloudfront-eu-central-1.images.arcpublishing.com\/prisaradio\/IH27XI6T6BGPLOIWHSZV3S3LLI.jpg\" loading=\"lazy\" width=\"828\" height=\"621\" \/><\/figure><ul><li><a href=\"https:\/\/cadenaser.com\/comunitat-valenciana\/2023\/12\/12\/finestrat-en-2024-nueva-escuela-infantil-municipal-y-servicio-de-pediatria-en-la-cala-radio-benidorm\/\">Finestrat en 2024: nueva Escuela Infantil Municipal y servicio de Pediatr\u00eda en La Cala<\/a><\/li><\/ul><\/p>   <p>El futuro primer instituto de Finestrat supondr\u00e1 una inversi\u00f3n de cerca de 15 millones de euros y contar\u00e1 con 12 aulas para ESO, 4 para Bachillerato y 4 para Formaci\u00f3n Profesional con ciclos formativos de la familia de Administrativo.<\/p>   <p>\u201cSer\u00e1 un hito ver que los ni\u00f1os de Finestrat no tienen que salir diariamente en cuatro o cinco autobuses para llevarlos a otra localidad y que est\u00e9n ocupando el 60% de la capacidad de un instituto de otro municipio. Eso no tiene sentido y por eso es tan necesario que tengamos un instituto\u201d, afirma P\u00e9rez.<\/p>   <p>Precisamente en la zona de acceso al futuro instituto la Diputaci\u00f3n Provincial de Alicante est\u00e1 ejecutando unas obras de mejora en la actualidad. Se trata de construcci\u00f3n de una rotonda de entrada y la mejora de la seguridad en la carretera con la creaci\u00f3n de aceras y carril bici. La inversi\u00f3n ronda el mill\u00f3n y medio de euros.<\/p>   <p>Fondos europeos<\/p>   <p>Juanfran P\u00e9rez tambi\u00e9n ha definido 2024 como \u201cel a\u00f1o de los grandes proyectos europeos para Finestrat\u201d. El municipio destinar\u00e1 4,5 millones de euros, 3 millones de fondos europeos y 1,5 aportados por Ayuntamiento y otras administraciones, tres obras importantes relacionadas con La Penya y el casco hist\u00f3rico.<\/p>   <p>La primera actuaci\u00f3n, que ya est\u00e1 en marcha, aborda la mejora de la seguridad y la estabilidad de los taludes de la Penya. Una segunda obra consistir\u00e1 en el embellecimiento de la Penya con la instalaci\u00f3n de alumbrado led que cambia de color. El tercer proyecto consisten en la mejora del parking de la zona, la construcci\u00f3n de un ascensor que permita acceder a la parte alta del municipio y la creaci\u00f3n de un anillo peatonal en la carretera que une La Cala de Finestrat con el municipio y que discurra por debajo de la Penya con aceras y carril bici.<\/p>   <p>P\u00e9rez estima que \u201cm\u00e1s del 60% de estas tres obras en su conjunto estar\u00e1 ejecutado en 2024\u201d por lo que a principios de 2025 los trabajos \u201cestar\u00e1n pr\u00e1cticamente terminados\u201d.<\/p>   <p>Precisamente el atractivo del Casto Hist\u00f3rico y la accesibilidad y la sostenibilidad ser\u00e1n, en palabras del alcalde, las principales bazas tur\u00edsticas con las que Finestrat acuda a FITUR a promocionarse la semana que viene. Tambi\u00e9n la apertura, prevista para este verano, del primer hotel del bulevar comercial.<\/p> ","protected":false},"excerpt":{"rendered":"<p>El alcalde, Juanfran P\u00e9rez, prev\u00e9 poder empezar las obras en el \u00faltimo trimestre de 2024<\/p>\n","protected":false},"author":0,"featured_media":1493,"comment_status":"open","ping_status":"open","sticky":false,"template":"","format":"standard","meta":{"_acf_changed":false,"footnotes":""},"categories":[1],"tags":[],"class_list":["post-1492","post","type-post","status-publish","format-standard","has-post-thumbnail","hentry","category-sin-categoria"],"acf":{"ser_id":"3CXQCVDXMBCRDIHY7BLQR52GOA","ser_url":"https:\/\/cadenaser.com\/comunitat-valenciana\/2024\/01\/17\/finestrat-aprobara-en-el-proximo-pleno-el-proyecto-basico-y-de-ejecucion-del-primer-instituto-del-municipio-radio-benidorm\/"},"_links":{"self":[{"href":"https:\/\/serbenidorm.daliisolutions.com\/index.php\/wp-json\/wp\/v2\/posts\/1492","targetHints":{"allow":["GET"]}}],"collection":[{"href":"https:\/\/serbenidorm.daliisolutions.com\/index.php\/wp-json\/wp\/v2\/posts"}],"about":[{"href":"https:\/\/serbenidorm.daliisolutions.com\/index.php\/wp-json\/wp\/v2\/types\/post"}],"replies":[{"embeddable":true,"href":"https:\/\/serbenidorm.daliisolutions.com\/index.php\/wp-json\/wp\/v2\/comments?post=1492"}],"version-history":[{"count":0,"href":"https:\/\/serbenidorm.daliisolutions.com\/index.php\/wp-json\/wp\/v2\/posts\/1492\/revisions"}],"wp:featuredmedia":[{"embeddable":true,"href":"https:\/\/serbenidorm.daliisolutions.com\/index.php\/wp-json\/wp\/v2\/media\/1493"}],"wp:attachment":[{"href":"https:\/\/serbenidorm.daliisolutions.com\/index.php\/wp-json\/wp\/v2\/media?parent=1492"}],"wp:term":[{"taxonomy":"category","embeddable":true,"href":"https:\/\/serbenidorm.daliisolutions.com\/index.php\/wp-json\/wp\/v2\/categories?post=1492"},{"taxonomy":"post_tag","embeddable":true,"href":"https:\/\/serbenidorm.daliisolutions.com\/index.php\/wp-json\/wp\/v2\/tags?post=1492"}],"curies":[{"name":"wp","href":"https:\/\/api.w.org\/{rel}","templated":true}]}}