{"id":14928,"date":"2025-05-09T17:10:07","date_gmt":"2025-05-09T15:10:07","guid":{"rendered":"https:\/\/serbenidorm.daliisolutions.com\/index.php\/2025\/05\/09\/derbi-y-final-de-la-marina-baixa-la-nucia-busca-el-ascenso-y-el-benidorm-la-permanencia\/"},"modified":"2025-05-09T17:10:07","modified_gmt":"2025-05-09T15:10:07","slug":"derbi-y-final-de-la-marina-baixa-la-nucia-busca-el-ascenso-y-el-benidorm-la-permanencia","status":"publish","type":"post","link":"https:\/\/serbenidorm.daliisolutions.com\/index.php\/2025\/05\/09\/derbi-y-final-de-la-marina-baixa-la-nucia-busca-el-ascenso-y-el-benidorm-la-permanencia\/","title":{"rendered":"Derbi y final de la Marina Baixa: La Nuc\u00eda busca el ascenso y el Benidorm la permanencia"},"content":{"rendered":"  <p><div data-adtype=\"MLDB\"><\/div><\/p>   <p>Benidorm<\/p>   <p>La liga del grupo VI de 3\u00aa RFEF llega a su fin con la jornada 34 que enfrenta al CF La Nuc\u00eda, l\u00edder y en busca del ascenso, contra el CF Benidorm, antepen\u00faltimo y en busca de la permanencia.<\/p>   <p>La cita tendr\u00e1 lugar el domingo a las 18:00h (horario unificado) en la Ciudad Deportiva Camilo Cano.<a href=\"https:\/\/cadenaser.com\/tag\/benidorm\/a\/\" target=\"_blank\" rel=\"nofollow\" title=\"https:\/\/cadenaser.com\/tag\/benidorm\/a\/\"> Con ambos equipos con objetivos en juego, se espera un ambiente de superior categor\u00eda<\/a>. <\/p>   <p><p>M\u00e1s informaci\u00f3n<\/p><ul><li><a href=\"https:\/\/cadenaser.com\/comunitat-valenciana\/2025\/04\/30\/el-moralet-volvera-a-acoger-el-11-de-mayo-una-nueva-edicion-del-cross-solidario-doble-amor-radio-benidorm\/\"><span>Deporte y solidaridad se dan la mano este domingo en Benidorm con el Cross Solidario Doble Amor<\/span><\/a><\/li><\/ul><\/p>   <p>Desde La Nuc\u00eda ya han promocionado el partido dando entrada gratuita a sus empadronados y desde Benidorm ya est\u00e1n a la venta por 20\u20ac las 200 entradas que ha facilitado el equipo nuciero.<\/p>   <p>Los de Berna Ballester dependen de s\u00ed mismos y atraviesan una racha de 16 partidos sin perder, siendo el equipo de la liga menos goleado. \u201cEs un partido para culminar algo que llevamos trabajando desde finales de julio del a\u00f1o pasado\u201d.<\/p>   <p>Los de Javier Vidales, que se reencontraron con la victoria en la pasada jornada tras m\u00e1s de 2 meses, buscan ganar de nuevo a La Nuc\u00eda como ya lo hicieron en enero en el partido de ida por 1-0, en lo que fue el debut de Javier Vidales. \u201cNos llega el momento de volcar todo lo trabajado hasta ahora en un solo partido\u201d.<\/p>   <p>El calendario fue caprichoso cuando en agosto de 2024 el azar decidi\u00f3 que el derbi comarcal fuera la cita de la \u00faltima jornada de liga. A pocos d\u00edas de la cita, la expectaci\u00f3n crece por momentos y el f\u00fatbol dictar\u00e1 sentencia.<\/p> ","protected":false},"excerpt":{"rendered":"<p>El domingo a las 18h en el Camilo Cano la \u00faltima jornada de Tercera RFEF con todo en juego<\/p>\n","protected":false},"author":0,"featured_media":14929,"comment_status":"open","ping_status":"open","sticky":false,"template":"","format":"standard","meta":{"_acf_changed":false,"footnotes":""},"categories":[1],"tags":[],"class_list":["post-14928","post","type-post","status-publish","format-standard","has-post-thumbnail","hentry","category-sin-categoria"],"acf":{"ser_id":"NA6POD2J4NC2NPSQ7OKZMBW3AM","ser_url":"https:\/\/cadenaser.com\/comunitat-valenciana\/2025\/05\/09\/derbi-y-final-de-la-marina-baixa-la-nucia-busca-el-ascenso-y-el-benidorm-la-permanencia-radio-benidorm\/"},"_links":{"self":[{"href":"https:\/\/serbenidorm.daliisolutions.com\/index.php\/wp-json\/wp\/v2\/posts\/14928","targetHints":{"allow":["GET"]}}],"collection":[{"href":"https:\/\/serbenidorm.daliisolutions.com\/index.php\/wp-json\/wp\/v2\/posts"}],"about":[{"href":"https:\/\/serbenidorm.daliisolutions.com\/index.php\/wp-json\/wp\/v2\/types\/post"}],"replies":[{"embeddable":true,"href":"https:\/\/serbenidorm.daliisolutions.com\/index.php\/wp-json\/wp\/v2\/comments?post=14928"}],"version-history":[{"count":0,"href":"https:\/\/serbenidorm.daliisolutions.com\/index.php\/wp-json\/wp\/v2\/posts\/14928\/revisions"}],"wp:featuredmedia":[{"embeddable":true,"href":"https:\/\/serbenidorm.daliisolutions.com\/index.php\/wp-json\/wp\/v2\/media\/14929"}],"wp:attachment":[{"href":"https:\/\/serbenidorm.daliisolutions.com\/index.php\/wp-json\/wp\/v2\/media?parent=14928"}],"wp:term":[{"taxonomy":"category","embeddable":true,"href":"https:\/\/serbenidorm.daliisolutions.com\/index.php\/wp-json\/wp\/v2\/categories?post=14928"},{"taxonomy":"post_tag","embeddable":true,"href":"https:\/\/serbenidorm.daliisolutions.com\/index.php\/wp-json\/wp\/v2\/tags?post=14928"}],"curies":[{"name":"wp","href":"https:\/\/api.w.org\/{rel}","templated":true}]}}