{"id":14985,"date":"2025-05-12T12:53:57","date_gmt":"2025-05-12T10:53:57","guid":{"rendered":"https:\/\/serbenidorm.daliisolutions.com\/index.php\/2025\/05\/12\/fallece-una-nina-de-dos-anos-tras-ahogarse-en-una-piscina-particular-en-finestrat-alicante\/"},"modified":"2025-05-12T12:53:57","modified_gmt":"2025-05-12T10:53:57","slug":"fallece-una-nina-de-dos-anos-tras-ahogarse-en-una-piscina-particular-en-finestrat-alicante","status":"publish","type":"post","link":"https:\/\/serbenidorm.daliisolutions.com\/index.php\/2025\/05\/12\/fallece-una-nina-de-dos-anos-tras-ahogarse-en-una-piscina-particular-en-finestrat-alicante\/","title":{"rendered":"Fallece una ni\u00f1a de dos a\u00f1os tras ahogarse en una piscina particular en Finestrat (Alicante)"},"content":{"rendered":"  <p><div data-adtype=\"MLDB\"><\/div><\/p>   <p>Val\u00e8ncia<\/p>   <p>Una ni\u00f1a de dos a\u00f1os ha fallecido este domingo tras ahogarse en una piscina particular ubicada en la localidad alicantina de Finestrat, seg\u00fan ha informado el Centro de Informaci\u00f3n y Coordinaci\u00f3n de Urgencias (CICU).<\/p>   <p>El aviso ha entrado al CICU sobre las 12.40 horas y hasta el lugar se ha desplazado una ambulancia SAMU. Hasta su llegada, familiares han comenzado maniobras b\u00e1sicas de reanimaci\u00f3n cardiopulmonar asistidos telef\u00f3nicamente por m\u00e9dico del CICU.<\/p>   <p>Cuando la ambulancia ha llegado, el equipo m\u00e9dico ha continuado con las maniobras avanzadas, pero no ha habido respuesta y han certificado su fallecimiento.<\/p>   <p><i>Sigue toda la \u00faltima hora en el canal de Whatsapp de Radio Valencia: <\/i><a href=\"https:\/\/eur01.safelinks.protection.outlook.com\/?url=https%3A%2F%2Fwhatsapp.com%2Fchannel%2F0029VaHjyqSFHWq2Q3iHB33R&amp;data=05%7C02%7Csaires%40formacion.prisaradio.com%7C0b946dd438a249b13d4808dce2c35c11%7Cc4fd49f3e15a44d882e2c909735d2e45%7C0%7C0%7C638634575912240351%7CUnknown%7CTWFpbGZsb3d8eyJWIjoiMC4wLjAwMDAiLCJQIjoiV2luMzIiLCJBTiI6Ik1haWwiLCJXVCI6Mn0%3D%7C0%7C%7C%7C&amp;sdata=46hHOFIbHnK2OyaOrKv%2BjYv7iKjp%2BMgzMn%2FNwzxcP0A%3D&amp;reserved=0\" target=\"_blank\" rel=\"nofollow\" title=\"Direcci\u00f3n URL original: https:\/\/whatsapp.com\/channel\/0029VaHjyqSFHWq2Q3iHB33R. Haga clic o pulse si conf\u00eda en este v\u00ednculo.\"><i>haz clic aqu\u00ed y suscr\u00edbete<\/i><\/a><i> para recibir toda la informaci\u00f3n y la actualidad del d\u00eda en tu m\u00f3vil.<\/i><\/p> ","protected":false},"excerpt":{"rendered":"<p>El equipo m\u00e9dico ha realizado con las maniobras avanzadas de reanimaci\u00f3n, pero no ha habido respuesta y han certificado su fallecimiento<\/p>\n","protected":false},"author":0,"featured_media":14986,"comment_status":"open","ping_status":"open","sticky":false,"template":"","format":"standard","meta":{"_acf_changed":false,"footnotes":""},"categories":[1],"tags":[],"class_list":["post-14985","post","type-post","status-publish","format-standard","has-post-thumbnail","hentry","category-sin-categoria"],"acf":{"ser_id":"CXNDMQTCFZAQPLSJKULLYXFS2M","ser_url":"https:\/\/cadenaser.com\/comunitat-valenciana\/2025\/05\/11\/fallece-una-nina-de-dos-anos-tras-ahogarse-en-una-piscina-particular-en-finestrat-radio-benidorm\/"},"_links":{"self":[{"href":"https:\/\/serbenidorm.daliisolutions.com\/index.php\/wp-json\/wp\/v2\/posts\/14985","targetHints":{"allow":["GET"]}}],"collection":[{"href":"https:\/\/serbenidorm.daliisolutions.com\/index.php\/wp-json\/wp\/v2\/posts"}],"about":[{"href":"https:\/\/serbenidorm.daliisolutions.com\/index.php\/wp-json\/wp\/v2\/types\/post"}],"replies":[{"embeddable":true,"href":"https:\/\/serbenidorm.daliisolutions.com\/index.php\/wp-json\/wp\/v2\/comments?post=14985"}],"version-history":[{"count":0,"href":"https:\/\/serbenidorm.daliisolutions.com\/index.php\/wp-json\/wp\/v2\/posts\/14985\/revisions"}],"wp:featuredmedia":[{"embeddable":true,"href":"https:\/\/serbenidorm.daliisolutions.com\/index.php\/wp-json\/wp\/v2\/media\/14986"}],"wp:attachment":[{"href":"https:\/\/serbenidorm.daliisolutions.com\/index.php\/wp-json\/wp\/v2\/media?parent=14985"}],"wp:term":[{"taxonomy":"category","embeddable":true,"href":"https:\/\/serbenidorm.daliisolutions.com\/index.php\/wp-json\/wp\/v2\/categories?post=14985"},{"taxonomy":"post_tag","embeddable":true,"href":"https:\/\/serbenidorm.daliisolutions.com\/index.php\/wp-json\/wp\/v2\/tags?post=14985"}],"curies":[{"name":"wp","href":"https:\/\/api.w.org\/{rel}","templated":true}]}}