{"id":14987,"date":"2025-05-12T12:53:57","date_gmt":"2025-05-12T10:53:57","guid":{"rendered":"https:\/\/serbenidorm.daliisolutions.com\/index.php\/2025\/05\/12\/tres-detenidos-en-la-vila-joiosa-por-intentar-embarcar-con-droga-oculta-hacia-ibiza\/"},"modified":"2025-05-12T12:53:57","modified_gmt":"2025-05-12T10:53:57","slug":"tres-detenidos-en-la-vila-joiosa-por-intentar-embarcar-con-droga-oculta-hacia-ibiza","status":"publish","type":"post","link":"https:\/\/serbenidorm.daliisolutions.com\/index.php\/2025\/05\/12\/tres-detenidos-en-la-vila-joiosa-por-intentar-embarcar-con-droga-oculta-hacia-ibiza\/","title":{"rendered":"Tres detenidos en La Vila Joiosa por intentar embarcar con droga oculta hacia Ibiza"},"content":{"rendered":"  <p><div data-adtype=\"MLDB\"><\/div><\/p>   <p>Alicante <\/p>   <p>Agentes de la Guardia Civil han detenido en La Vila Joiosa a tres personas como presuntas autoras de un delito contra la salud p\u00fablica, tras ser sorprendidas transportando diversas sustancias estupefacientes ocultas en su veh\u00edculo y entre sus pertenencias, cuando intentaban embarcar hacia Ibiza.<\/p>   <p>Los hechos ocurrieron durante un dispositivo operativo realizado en el \u00e1rea de servicio de La Marina, en la AP-7, a la altura de La Vilam a finales de marzo, cuando los agentes de la Unidad de Seguridad Ciudadana de la Comandancia (USECIC) de Alicante dieron el alto a un turismo ocupado por dos mujeres y un hombre, seg\u00fan ha indicado el instituto armado en un comunicado.<\/p>   <p>La conductora, \u00abvisiblemente nerviosa\u00bb, indic\u00f3 en ingl\u00e9s que ten\u00edan prisa por coger un ferry en la localidad de D\u00e9nia (Alicante) con destino a Ibiza y pretend\u00edan continuar la marcha sin detenerse. Ante esta actitud, el veh\u00edculo fue trasladado a la zona de registro.<\/p>   <p>En su interior del veh\u00edculo los agentes hallaron m\u00faltiples maletas y enseres, entre los que localizaron diversos frascos de cristal con marihuana, varias bolsas con coca\u00edna, hach\u00eds, metanfetamina y polvo de color azul. Posteriormente, una agente de la Polic\u00eda Local de La Vila que realizaba el apoyo al dispositivo realiz\u00f3 el cacheo a las mujeres y localiz\u00f3 ocultos entre la ropa diversos envoltorios con droga.<\/p>   <p>En total, intervinieron m\u00e1s de 485 gramos de coca\u00edna, marihuana, hach\u00eds, metanfetamina y otra sustancia de color azul de aspecto sint\u00e9tico. Tambi\u00e9n se incautaron de una m\u00e1quina de envasado al vac\u00edo, bolsas y film transparente, lo que \u00abhace sospechar que las sustancias podr\u00edan estar destinadas a su distribuci\u00f3n\u00bb.<\/p>   <p>Los detenidos &#8211;dos mujeres y un hombre de entre 24 y 48 a\u00f1os y nacionalidad islandesa&#8211;, a los que se les imputa un delito contra la salud p\u00fablica, fueron puestos a disposici\u00f3n del Juzgado de Instrucci\u00f3n en funciones de guardia, que acord\u00f3 su puesta en libertad con medidas cautelares.<\/p> ","protected":false},"excerpt":{"rendered":"<p>A los detenidos, dos mujeres y un hombre de entre 24 y 48 a\u00f1os y nacionalidad islandesa, se les imputa un delito contra la salud p\u00fablica<\/p>\n","protected":false},"author":0,"featured_media":14988,"comment_status":"open","ping_status":"open","sticky":false,"template":"","format":"standard","meta":{"_acf_changed":false,"footnotes":""},"categories":[1],"tags":[],"class_list":["post-14987","post","type-post","status-publish","format-standard","has-post-thumbnail","hentry","category-sin-categoria"],"acf":{"ser_id":"NXCPKMNZYRBGBPX6KRPOPDKSHA","ser_url":"https:\/\/cadenaser.com\/comunitat-valenciana\/2025\/05\/10\/tres-detenidos-en-la-vila-joiosa-por-intentar-embarcar-con-droga-oculta-hacia-ibiza-radio-alicante\/"},"_links":{"self":[{"href":"https:\/\/serbenidorm.daliisolutions.com\/index.php\/wp-json\/wp\/v2\/posts\/14987","targetHints":{"allow":["GET"]}}],"collection":[{"href":"https:\/\/serbenidorm.daliisolutions.com\/index.php\/wp-json\/wp\/v2\/posts"}],"about":[{"href":"https:\/\/serbenidorm.daliisolutions.com\/index.php\/wp-json\/wp\/v2\/types\/post"}],"replies":[{"embeddable":true,"href":"https:\/\/serbenidorm.daliisolutions.com\/index.php\/wp-json\/wp\/v2\/comments?post=14987"}],"version-history":[{"count":0,"href":"https:\/\/serbenidorm.daliisolutions.com\/index.php\/wp-json\/wp\/v2\/posts\/14987\/revisions"}],"wp:featuredmedia":[{"embeddable":true,"href":"https:\/\/serbenidorm.daliisolutions.com\/index.php\/wp-json\/wp\/v2\/media\/14988"}],"wp:attachment":[{"href":"https:\/\/serbenidorm.daliisolutions.com\/index.php\/wp-json\/wp\/v2\/media?parent=14987"}],"wp:term":[{"taxonomy":"category","embeddable":true,"href":"https:\/\/serbenidorm.daliisolutions.com\/index.php\/wp-json\/wp\/v2\/categories?post=14987"},{"taxonomy":"post_tag","embeddable":true,"href":"https:\/\/serbenidorm.daliisolutions.com\/index.php\/wp-json\/wp\/v2\/tags?post=14987"}],"curies":[{"name":"wp","href":"https:\/\/api.w.org\/{rel}","templated":true}]}}