{"id":14989,"date":"2025-05-12T12:53:58","date_gmt":"2025-05-12T10:53:58","guid":{"rendered":"https:\/\/serbenidorm.daliisolutions.com\/index.php\/2025\/05\/12\/tarde-sin-premio-para-el-futbol-comarcal-el-benidorm-desciende-y-la-nucia-debe-seguir-remando\/"},"modified":"2025-05-12T12:53:58","modified_gmt":"2025-05-12T10:53:58","slug":"tarde-sin-premio-para-el-futbol-comarcal-el-benidorm-desciende-y-la-nucia-debe-seguir-remando","status":"publish","type":"post","link":"https:\/\/serbenidorm.daliisolutions.com\/index.php\/2025\/05\/12\/tarde-sin-premio-para-el-futbol-comarcal-el-benidorm-desciende-y-la-nucia-debe-seguir-remando\/","title":{"rendered":"Tarde sin premio para el f\u00fatbol comarcal: el Benidorm desciende y La Nuc\u00eda debe seguir remando"},"content":{"rendered":"  <p><div data-adtype=\"MLDB\"><\/div><\/p>   <p>En un final de temporada imaginado por el m\u00e1s enrevesado de los guionistas, el Benidorm y La Nuc\u00eda se lo jugaban todo, cada cual en un extremo de la tabla, en el derbi comarcal que los med\u00eda a ambos en el Camilo Cano en la \u00faltima jornada de la fase regular de la Tercera RFEF. El Benidorm, obligado a ganar, part\u00eda con malas cartas ya que un triunfo del Torrellano har\u00eda inservible cualquier resultado positivo. La Nuc\u00eda, que llegaba como l\u00edder, tambi\u00e9n estaba obligado a ganar para asegurarse el ascenso directo, aunque tambi\u00e9n pod\u00eda confiar en tropiezos de sus rivales directos.<\/p>   <p>Finalmente, la victoria visitante por 0-1 no sirvi\u00f3 de nada a nadie. No le sirvi\u00f3 al Benidorm, que hizo lo que ten\u00eda que hacer, sumar los tres puntos, y que vio neutralizado su desempe\u00f1o por el triunfo del Torrellano (2-1) ante el Atl\u00e9tico Saguntino. Tampoco sirvi\u00f3 a La Nuc\u00eda, que tras encajar su primera y \u00fanica derrota de la segunda vuelta cay\u00f3 hasta la tercera posici\u00f3n y se jugar\u00e1 el pasaporte a la Segunda RFEF en el siempre incierto play-off.<\/p>   <p>El Benidorm vuelve, por lo tanto, a la Lliga Comunitat, esa que la pasada temporada domin\u00f3 con pu\u00f1o de hierro alcanzando el ascenso a una categor\u00eda a la que, visto lo visto, no ha podido o sabido adaptarse.<\/p>   <p>La Nuc\u00eda, por su parte, deber\u00e1 ahora seguir trabajando para tratar de firmar ese ascenso que tan cerca han tenido por la v\u00eda directa disputando el siempre incierto play-off en el que el Castellonense ser\u00e1 su primer escollo en una eliminatoria en la que el Camilo Cano ser\u00e1 el escenario del partido de vuelta. Despu\u00e9s, siempre que los de Berna Ballester no queden apeados, tocar\u00e1 un nuevo enfrentamiento ante el vencedor de la eliminatoria que disputar\u00e1n el Roda y el Utiel antes de afrontar una hipot\u00e9tica final con un rival procedente de otro grupo y, por lo tanto, desconocido para La Nuc\u00eda.<\/p> ","protected":false},"excerpt":{"rendered":"<p>La victoria de los benidormenses en el Camilo Cano no fue suficiente para salvar la categor\u00eda | Los rojillos se la jugar\u00e1n en el play-off<\/p>\n","protected":false},"author":0,"featured_media":14990,"comment_status":"open","ping_status":"open","sticky":false,"template":"","format":"standard","meta":{"_acf_changed":false,"footnotes":""},"categories":[16],"tags":[],"class_list":["post-14989","post","type-post","status-publish","format-standard","has-post-thumbnail","hentry","category-deportes"],"acf":{"ser_id":"W7XWVTKO7BDRVOLXINSHIKYEB4","ser_url":"https:\/\/cadenaser.com\/comunitat-valenciana\/2025\/05\/12\/tarde-sin-premio-para-el-futbol-comarcal-el-benidorm-desciende-y-la-nucia-debe-seguir-remando-radio-benidorm\/"},"_links":{"self":[{"href":"https:\/\/serbenidorm.daliisolutions.com\/index.php\/wp-json\/wp\/v2\/posts\/14989","targetHints":{"allow":["GET"]}}],"collection":[{"href":"https:\/\/serbenidorm.daliisolutions.com\/index.php\/wp-json\/wp\/v2\/posts"}],"about":[{"href":"https:\/\/serbenidorm.daliisolutions.com\/index.php\/wp-json\/wp\/v2\/types\/post"}],"replies":[{"embeddable":true,"href":"https:\/\/serbenidorm.daliisolutions.com\/index.php\/wp-json\/wp\/v2\/comments?post=14989"}],"version-history":[{"count":0,"href":"https:\/\/serbenidorm.daliisolutions.com\/index.php\/wp-json\/wp\/v2\/posts\/14989\/revisions"}],"wp:featuredmedia":[{"embeddable":true,"href":"https:\/\/serbenidorm.daliisolutions.com\/index.php\/wp-json\/wp\/v2\/media\/14990"}],"wp:attachment":[{"href":"https:\/\/serbenidorm.daliisolutions.com\/index.php\/wp-json\/wp\/v2\/media?parent=14989"}],"wp:term":[{"taxonomy":"category","embeddable":true,"href":"https:\/\/serbenidorm.daliisolutions.com\/index.php\/wp-json\/wp\/v2\/categories?post=14989"},{"taxonomy":"post_tag","embeddable":true,"href":"https:\/\/serbenidorm.daliisolutions.com\/index.php\/wp-json\/wp\/v2\/tags?post=14989"}],"curies":[{"name":"wp","href":"https:\/\/api.w.org\/{rel}","templated":true}]}}