{"id":1499,"date":"2024-01-17T18:41:29","date_gmt":"2024-01-17T17:41:29","guid":{"rendered":"https:\/\/serbenidorm.daliisolutions.com\/index.php\/2024\/01\/17\/benidorm-y-calpe-rebasan-el-64-de-ocupacion-al-arranque-de-2024\/"},"modified":"2024-01-17T18:41:29","modified_gmt":"2024-01-17T17:41:29","slug":"benidorm-y-calpe-rebasan-el-64-de-ocupacion-al-arranque-de-2024","status":"publish","type":"post","link":"https:\/\/serbenidorm.daliisolutions.com\/index.php\/2024\/01\/17\/benidorm-y-calpe-rebasan-el-64-de-ocupacion-al-arranque-de-2024\/","title":{"rendered":"Benidorm y Calpe rebasan el 64 % de ocupaci\u00f3n al arranque de 2024"},"content":{"rendered":"  <p>Benidorm<\/p>   <p>La ocupaci\u00f3n hotelera en la Comunitat Valenciana ha empezado 2024 \u00abdesafiando a la estacionalidad tur\u00edstica\u00bb al haber registrado destinos como Benidorm y Calpe unos porcentajes del 65 % y del 66 %, respectivamente, en la primera quincena de enero, mientras que la provincia de Valencia ha rozado el 59 % y superado los datos del mismo periodo de 2023, seg\u00fan la patronal del sector <a href=\"https:\/\/cadenaser.com\/tag\/hosbec_asociacion_empresarial_hostelera_benidorm_costa_blanca_comunidad_valenciana\/a\/\" target=\"_blank\" rel=\"noopener\">Hosbec<\/a>.<\/p>   <p>La patronal ha resaltado que <a href=\"https:\/\/cadenaser.com\/tag\/benidorm\/a\/\" target=\"_blank\" rel=\"noopener\">Benidorm mantiene en plena temporada baja \u00abel 77,7 % de su planta hotelera activa, lo cual se traduce en m\u00e1s de 29.000 plazas disponibles en enero\u00bb<\/a>.<\/p>   <p>En concreto, este destino anot\u00f3 durante los primeros quince d\u00edas de enero una ocupaci\u00f3n media del 64,9 %, un 1,6 puntos porcentuales menos que los registros del mismo periodo de 2023.<\/p>  <p><p>M\u00e1s informaci\u00f3n<\/p><figure><img decoding=\"async\" src=\"https:\/\/cadenaser.com\/resizer\/VZDa-tyXaoNrSMfOhoc0lDYm8bw=\/650x366\/filters:quality(70)\/cloudfront-eu-central-1.images.arcpublishing.com\/prisaradio\/Q76K5W67EVEJ7J5WIGLN4M7AH4.jpg\" loading=\"lazy\" width=\"828\" height=\"621\" \/><\/figure><ul><li><a href=\"https:\/\/cadenaser.com\/comunitat-valenciana\/2024\/01\/16\/antonio-ferrer-patron-mayor-de-la-cofradia-de-pescadores-de-altea-hay-que-reaccionar-o-esto-se-muere-radio-benidorm\/\">Los pescadores de Altea empiezan el a\u00f1o con incertidumbre: \u00abHay que reaccionar o esto se muere\u00bb<\/a><\/li><\/ul><\/p>   <p>El mercado internacional gana terreno con un 58,6 % de representatividad total, frente a un 41,4 % del turismo nacional. El turista brit\u00e1nico contin\u00faa apostando por este destino con un 42,9 % y se convierte en l\u00edder de la tabla por encima del mercado nacional.<\/p>   <p>M\u00e1s datos<\/p>   <p>A su vez, la zona de la Costa Blanca (sin incluir Benidorm) ha acaparado un 58,7 % de ocupaci\u00f3n en la primera quincena de enero, lo que supone \u00abuna notable superaci\u00f3n de los valores registrados en el mismo periodo de 2023 (51,3 %), a los que se suman 7,4 puntos porcentuales\u00bb, seg\u00fan la misma fuente.<\/p>   <p>Por su parte, la provincia de Valencia tuvo una ocupaci\u00f3n del 58,8 % en los primeros quince d\u00edas de este mes, lo que representa una mejor\u00eda en relaci\u00f3n con el mismo lapso de 2023 en el que se registr\u00f3 un 53,6 %, sumando as\u00ed 5,2 puntos porcentuales.<\/p>   <p>Seg\u00fan Hosbec, destinos como Gandia, marcados por la estacionalidad, cuentan \u00abcon una planta hotelera a medio gas, lo que provoca que la ciudad de Val\u00e8ncia gane peso en los resultados globales de la provincia\u00bb.<\/p>   <p>\u00abPor este motivo, la capital de la provincia de Valencia muestra datos similares, al alcanzar un 55,9 % de ocupaci\u00f3n en los primeros quince d\u00edas de enero\u00bb, ha se\u00f1alado.<\/p>   <p>Mientras, la provincia de Castell\u00f3n cierra la primera quincena de enero con una ocupaci\u00f3n media del 44,8 %, manteniendo los datos del mismo periodo de 2023 e, incluso, mejorando los de la \u00faltima quincena de diciembre (40 %), ha indicado la patronal.<\/p>   <p>La organizaci\u00f3n empresarial ha manifestado que \u00abhacer frente a la estacionalidad es uno de los prop\u00f3sitos de este 2024\u00bb, por lo que ha considerado \u00abvital\u00bb apostar, \u00aben la parte m\u00e1s dura de la temporada baja, por la diversificaci\u00f3n de producto o la celebraci\u00f3n de eventos que act\u00faen de reclamo para el turista\u00bb.<\/p>   <p>\u00abEn el arranque de este nuevo a\u00f1o, adem\u00e1s, cabe recalcar la importancia de la variedad de mercados emisores internacionales, incluso en zonas como la provincia de Castell\u00f3n, donde habitualmente la cuota del turismo nacional supera el 75 %. Una tendencia que se espera mantener en la Comunitat Valenciana como impulso de crecimiento durante toda la temporada tur\u00edstica\u00bb, ha indicado Hosbec.<\/p> ","protected":false},"excerpt":{"rendered":"<p>Casi ocho de cada diez hoteles de Benidorm est\u00e1n abiertos<\/p>\n","protected":false},"author":0,"featured_media":1500,"comment_status":"open","ping_status":"open","sticky":false,"template":"","format":"standard","meta":{"_acf_changed":false,"footnotes":""},"categories":[1],"tags":[],"class_list":["post-1499","post","type-post","status-publish","format-standard","has-post-thumbnail","hentry","category-sin-categoria"],"acf":{"ser_id":"PGDFAYRNMNAX5MYWZPT6ZD672Y","ser_url":"https:\/\/cadenaser.com\/comunitat-valenciana\/2024\/01\/17\/benidorm-y-calpe-rebasan-el-64-de-ocupacion-al-arranque-de-2024-radio-benidorm\/"},"_links":{"self":[{"href":"https:\/\/serbenidorm.daliisolutions.com\/index.php\/wp-json\/wp\/v2\/posts\/1499","targetHints":{"allow":["GET"]}}],"collection":[{"href":"https:\/\/serbenidorm.daliisolutions.com\/index.php\/wp-json\/wp\/v2\/posts"}],"about":[{"href":"https:\/\/serbenidorm.daliisolutions.com\/index.php\/wp-json\/wp\/v2\/types\/post"}],"replies":[{"embeddable":true,"href":"https:\/\/serbenidorm.daliisolutions.com\/index.php\/wp-json\/wp\/v2\/comments?post=1499"}],"version-history":[{"count":0,"href":"https:\/\/serbenidorm.daliisolutions.com\/index.php\/wp-json\/wp\/v2\/posts\/1499\/revisions"}],"wp:featuredmedia":[{"embeddable":true,"href":"https:\/\/serbenidorm.daliisolutions.com\/index.php\/wp-json\/wp\/v2\/media\/1500"}],"wp:attachment":[{"href":"https:\/\/serbenidorm.daliisolutions.com\/index.php\/wp-json\/wp\/v2\/media?parent=1499"}],"wp:term":[{"taxonomy":"category","embeddable":true,"href":"https:\/\/serbenidorm.daliisolutions.com\/index.php\/wp-json\/wp\/v2\/categories?post=1499"},{"taxonomy":"post_tag","embeddable":true,"href":"https:\/\/serbenidorm.daliisolutions.com\/index.php\/wp-json\/wp\/v2\/tags?post=1499"}],"curies":[{"name":"wp","href":"https:\/\/api.w.org\/{rel}","templated":true}]}}