{"id":15005,"date":"2025-05-12T17:28:10","date_gmt":"2025-05-12T15:28:10","guid":{"rendered":"https:\/\/serbenidorm.daliisolutions.com\/index.php\/2025\/05\/12\/la-policia-nacional-desarticula-un-grupo-criminal-con-base-en-lalfas-dedicado-a-pactar-matrimonios-de-conveniencia\/"},"modified":"2025-05-12T17:28:10","modified_gmt":"2025-05-12T15:28:10","slug":"la-policia-nacional-desarticula-un-grupo-criminal-con-base-en-lalfas-dedicado-a-pactar-matrimonios-de-conveniencia","status":"publish","type":"post","link":"https:\/\/serbenidorm.daliisolutions.com\/index.php\/2025\/05\/12\/la-policia-nacional-desarticula-un-grupo-criminal-con-base-en-lalfas-dedicado-a-pactar-matrimonios-de-conveniencia\/","title":{"rendered":"La Polic\u00eda Nacional desarticula un grupo criminal con base en l&#8217;Alf\u00e0s dedicado a pactar matrimonios de conveniencia"},"content":{"rendered":"  <p><div data-adtype=\"MLDB\"><\/div><\/p>   <p>L&#8217;Alf\u00e0s del Pi<\/p>   <p>La Polic\u00eda Nacional ha desarticulado un grupo criminal dedicado a concertar parejas de hecho entre espa\u00f1oles y extranjeros, cobrando por ello hasta 4.000 euros, con el objetivo de que los extranjeros obtuvieran autorizaciones de residencia temporal. Se ha detenido a ocho personas como presuntos autores de los delitos de favorecimiento de la inmigraci\u00f3n ilegal, falsedad documental y pertenencia a grupo criminal.<\/p>   <p>Estas uniones de hecho, que son <a href=\"https:\/\/cadenaser.com\/tag\/lalfas_del_pi\/a\/\" target=\"_blank\" rel=\"nofollow\" title=\"https:\/\/cadenaser.com\/tag\/lalfas_del_pi\/a\/\">conocidas en el argot delincuencial como \u201cblancas\u201d o \u201csimuladas\u201d<\/a>, tienen la finalidad de que las personas extranjeras que pagan por ello obtengan la autorizaci\u00f3n de residencia por circunstancias excepcionales por arraigo familiar. <\/p>   <p>Durante la investigaci\u00f3n los agentes comprobaron que en la misma vivienda, situada en l&#8217;Alf\u00e1s del Pi, en la que estaban empadronadas las dos personas que hab\u00edan presentado la documentaci\u00f3n para la obtenci\u00f3n del certificado de uni\u00f3n de hecho, tambi\u00e9n hab\u00eda otras dos supuestas parejas empadronadas que igualmente parec\u00edan estar simulando una relaci\u00f3n para la obtenci\u00f3n del certificado de empadronamiento.<\/p>  <p><p>M\u00e1s informaci\u00f3n<\/p><figure><img loading=\"lazy\" decoding=\"async\" src=\"https:\/\/cadenaser.com\/resizer\/v2\/T3DIA2P55NCABIZAQWXMFWOMXU.jpg?auth=9eaebd9ee66d8f11b6e34f75171a2caa4ae6803c5bdb7f7d5197b0f6866303d5&amp;quality=70&amp;width=360&amp;height=202&amp;smart=true\" width=\"820\" height=\"621\" \/><\/figure><ul><li><a href=\"https:\/\/cadenaser.com\/comunitat-valenciana\/2025\/05\/12\/la-policia-local-de-benidorm-frustra-la-huida-de-un-conductor-kamikaze-positivo-en-alcohol-y-drogas-radio-benidorm\/\"><span>La Polic\u00eda Local de Benidorm frustra la huida de un conductor kamikaze positivo en alcohol y drogas<\/span><\/a><\/li><\/ul><\/p>   <p>A pesar de figurar como empadronadas tantas personas en ese domicilio los agentes averiguaron que en la vivienda resid\u00eda realmente una \u00fanica persona, y que el resto de personas empadronadas jam\u00e1s hab\u00edan residido all\u00ed.<\/p>   <p>La Polic\u00eda ha localizado a los tres hombres extranjeros de entre 29 y 31 a\u00f1os de edad que hab\u00edan pagado por el tr\u00e1mite de la uni\u00f3n de hecho, siendo detenidos en Alicante por la presunta comisi\u00f3n de un delito de falsedad documental; as\u00ed como a las dos mujeres de 24 y 33 a\u00f1os de edad que se hab\u00edan prestado para la realizaci\u00f3n de dichos tr\u00e1mites, siendo detenidas como presuntas autoras de los delitos de falsedad documental y favorecimiento de la inmigraci\u00f3n ilegal. <\/p>   <p>Finalmente la investigaci\u00f3n fue concluida con la localizaci\u00f3n y detenci\u00f3n en Alicante de los tres principales investigados, dos hombres y una mujer, de entre 28 y 65 a\u00f1os de edad, por la presunta comisi\u00f3n de los delitos de favorecimiento de la inmigraci\u00f3n ilegal, falsedad documental y pertenencia a grupo criminal, siendo puestos a disposici\u00f3n del Juzgado de Instrucci\u00f3n en funciones de guardia de Alicante.<\/p> ","protected":false},"excerpt":{"rendered":"<p>Hay ocho detenidos<\/p>\n","protected":false},"author":0,"featured_media":15006,"comment_status":"open","ping_status":"open","sticky":false,"template":"","format":"standard","meta":{"_acf_changed":false,"footnotes":""},"categories":[1],"tags":[],"class_list":["post-15005","post","type-post","status-publish","format-standard","has-post-thumbnail","hentry","category-sin-categoria"],"acf":{"ser_id":"67D3SBLW2JH2RIO4CP72XBY324","ser_url":"https:\/\/cadenaser.com\/comunitat-valenciana\/2025\/05\/12\/la-policia-nacional-desarticula-un-grupo-criminal-con-base-en-lalfas-dedicado-a-pactar-matrimonios-de-conveniencia-radio-benidorm\/"},"_links":{"self":[{"href":"https:\/\/serbenidorm.daliisolutions.com\/index.php\/wp-json\/wp\/v2\/posts\/15005","targetHints":{"allow":["GET"]}}],"collection":[{"href":"https:\/\/serbenidorm.daliisolutions.com\/index.php\/wp-json\/wp\/v2\/posts"}],"about":[{"href":"https:\/\/serbenidorm.daliisolutions.com\/index.php\/wp-json\/wp\/v2\/types\/post"}],"replies":[{"embeddable":true,"href":"https:\/\/serbenidorm.daliisolutions.com\/index.php\/wp-json\/wp\/v2\/comments?post=15005"}],"version-history":[{"count":0,"href":"https:\/\/serbenidorm.daliisolutions.com\/index.php\/wp-json\/wp\/v2\/posts\/15005\/revisions"}],"wp:featuredmedia":[{"embeddable":true,"href":"https:\/\/serbenidorm.daliisolutions.com\/index.php\/wp-json\/wp\/v2\/media\/15006"}],"wp:attachment":[{"href":"https:\/\/serbenidorm.daliisolutions.com\/index.php\/wp-json\/wp\/v2\/media?parent=15005"}],"wp:term":[{"taxonomy":"category","embeddable":true,"href":"https:\/\/serbenidorm.daliisolutions.com\/index.php\/wp-json\/wp\/v2\/categories?post=15005"},{"taxonomy":"post_tag","embeddable":true,"href":"https:\/\/serbenidorm.daliisolutions.com\/index.php\/wp-json\/wp\/v2\/tags?post=15005"}],"curies":[{"name":"wp","href":"https:\/\/api.w.org\/{rel}","templated":true}]}}