{"id":15045,"date":"2025-05-14T08:33:17","date_gmt":"2025-05-14T06:33:17","guid":{"rendered":"https:\/\/serbenidorm.daliisolutions.com\/index.php\/2025\/05\/14\/la-ruta-de-la-tapa-de-altea-llega-a-su-recta-final-con-record-de-propuestas\/"},"modified":"2025-05-14T08:33:17","modified_gmt":"2025-05-14T06:33:17","slug":"la-ruta-de-la-tapa-de-altea-llega-a-su-recta-final-con-record-de-propuestas","status":"publish","type":"post","link":"https:\/\/serbenidorm.daliisolutions.com\/index.php\/2025\/05\/14\/la-ruta-de-la-tapa-de-altea-llega-a-su-recta-final-con-record-de-propuestas\/","title":{"rendered":"La Ruta de la Tapa de Altea llega a su recta final con r\u00e9cord de propuestas"},"content":{"rendered":"  <p><div data-adtype=\"MLDB\"><\/div><\/p>   <p>Altea<\/p>   <p>La Ruta de la Tapa ya est\u00e1 en marcha. Diecis\u00e9is establecimientos participan hasta el domingo en su octava edici\u00f3n con 32 tapas diferentes en dos estilos: \u201ctapa de temporada\u201d por cuatro euros y \u201ctapa gourmet\u201d por seis, ambas con bebida incluida.<\/p>   <p>Se pueden encontrar en Antiu Xixona, Austriaco, Bon Vent, La Clau, Carnicero Loco, Casa Vital, E-tika, Terraza Oliva, T\u00edo Ennio, Eukaliptus, El Taj\u00edn de oro, Plan B, Pedacitos vinos y tapas, El Pulpo, Talaia Espai Mediterrani y Marina Lounge.<\/p>   <p>Hasta el momento la acogida ha sido notable, en palabras de Mario Ay\u00fas, responsable de Gatroeventos, que ha compartido en<a href=\"https:\/\/cadenaser.com\/tag\/benidorm\/a\/\" target=\"_blank\" rel=\"nofollow\" title=\"https:\/\/cadenaser.com\/tag\/benidorm\/a\/\"> La Ventana de la Marina Baixa<\/a> y junto al presidente de la Asociaci\u00f3n de Hosteler\u00eda de Altea (AHEA), Juan Abril, m\u00e1s detalles del calendario de Altea Gastron\u00f3mica 2025. <\/p>  <p><p>M\u00e1s informaci\u00f3n<\/p><figure><img loading=\"lazy\" decoding=\"async\" src=\"https:\/\/cadenaser.com\/resizer\/v2\/RHHFQJFWDFHCPE6773WHXXI3PU.jpg?auth=95a7ea31ff530273de269a41df1a296398ef1d684347d6fb6f5f382a42305d39&amp;quality=70&amp;width=360&amp;height=202&amp;smart=true\" width=\"820\" height=\"621\" \/><\/figure><ul><li><a href=\"https:\/\/cadenaser.com\/comunitat-valenciana\/2025\/05\/12\/altea-evita-pagar-mas-de-diez-millones-a-la-empresa-del-agua-por-retirarle-el-servicio-en-dos-urbanizaciones-radio-benidorm\/\"><span>Altea evita pagar m\u00e1s de diez millones a la empresa del agua por retirarle el servicio en dos urbanizaciones<\/span><\/a><\/li><\/ul><\/p>   <p>Un calendario del que la Ruta de la Tapa es evento consolidado y que este a\u00f1o arroja una importante novedad: la primera Feria Gastron\u00f3mica en la que trabaja el sector y cuya fecha todav\u00eda no pueden adelantar.<\/p>   <p>As\u00ed las cosas, Abril ha confirmado que las perspectivas de la hosteler\u00eda local son m\u00e1s que positivas de cara a la temporada alta y que esta primavera, a pesar de las lluvias previas a la Semana Santa, se est\u00e1 trabajando bien.<\/p> ","protected":false},"excerpt":{"rendered":"<p>Cada uno de los 16 establecimientos participantes presenta una receta de temporada y otra gourmet<\/p>\n","protected":false},"author":0,"featured_media":15046,"comment_status":"open","ping_status":"open","sticky":false,"template":"","format":"standard","meta":{"_acf_changed":false,"footnotes":""},"categories":[1],"tags":[],"class_list":["post-15045","post","type-post","status-publish","format-standard","has-post-thumbnail","hentry","category-sin-categoria"],"acf":{"ser_id":"YKQKYZ5MRFDL5D7ZV62IVCXAYE","ser_url":"https:\/\/cadenaser.com\/comunitat-valenciana\/2025\/05\/13\/la-ruta-de-la-tapa-de-altea-llega-a-su-recta-final-con-record-de-propuestas-radio-benidorm\/"},"_links":{"self":[{"href":"https:\/\/serbenidorm.daliisolutions.com\/index.php\/wp-json\/wp\/v2\/posts\/15045","targetHints":{"allow":["GET"]}}],"collection":[{"href":"https:\/\/serbenidorm.daliisolutions.com\/index.php\/wp-json\/wp\/v2\/posts"}],"about":[{"href":"https:\/\/serbenidorm.daliisolutions.com\/index.php\/wp-json\/wp\/v2\/types\/post"}],"replies":[{"embeddable":true,"href":"https:\/\/serbenidorm.daliisolutions.com\/index.php\/wp-json\/wp\/v2\/comments?post=15045"}],"version-history":[{"count":0,"href":"https:\/\/serbenidorm.daliisolutions.com\/index.php\/wp-json\/wp\/v2\/posts\/15045\/revisions"}],"wp:featuredmedia":[{"embeddable":true,"href":"https:\/\/serbenidorm.daliisolutions.com\/index.php\/wp-json\/wp\/v2\/media\/15046"}],"wp:attachment":[{"href":"https:\/\/serbenidorm.daliisolutions.com\/index.php\/wp-json\/wp\/v2\/media?parent=15045"}],"wp:term":[{"taxonomy":"category","embeddable":true,"href":"https:\/\/serbenidorm.daliisolutions.com\/index.php\/wp-json\/wp\/v2\/categories?post=15045"},{"taxonomy":"post_tag","embeddable":true,"href":"https:\/\/serbenidorm.daliisolutions.com\/index.php\/wp-json\/wp\/v2\/tags?post=15045"}],"curies":[{"name":"wp","href":"https:\/\/api.w.org\/{rel}","templated":true}]}}