{"id":15056,"date":"2025-05-14T14:17:28","date_gmt":"2025-05-14T12:17:28","guid":{"rendered":"https:\/\/serbenidorm.daliisolutions.com\/index.php\/2025\/05\/14\/comisiones-obreras-denuncia-la-situacion-extrema-de-la-pediatria-en-el-hospital-marina-baixa\/"},"modified":"2025-05-14T14:17:28","modified_gmt":"2025-05-14T12:17:28","slug":"comisiones-obreras-denuncia-la-situacion-extrema-de-la-pediatria-en-el-hospital-marina-baixa","status":"publish","type":"post","link":"https:\/\/serbenidorm.daliisolutions.com\/index.php\/2025\/05\/14\/comisiones-obreras-denuncia-la-situacion-extrema-de-la-pediatria-en-el-hospital-marina-baixa\/","title":{"rendered":"Comisiones Obreras denuncia la situaci\u00f3n extrema de la pediatr\u00eda en el Hospital Marina Baixa"},"content":{"rendered":"  <p><div data-adtype=\"MLDB\"><\/div><\/p>   <p>La Vila Joiosa<\/p>   <p>La secci\u00f3n sindical de CCOO en el Departamento de Salud de la Marina Baixa denuncia que la mala gesti\u00f3n por parte de la Conselleria de Sanidad vuelve a dejar en cuadro el Servicio de Pediatr\u00eda del hospital: \u00abNo se han creado las plazas suficientes y el problema vuelve a resurgir en este centro hospitalario, como ya pas\u00f3 hace tres a\u00f1os\u00bb, asegura su delegado <a href=\"https:\/\/cadenaser.com\/tag\/benidorm\/a\/\" target=\"_blank\" rel=\"nofollow\" title=\"https:\/\/cadenaser.com\/tag\/benidorm\/a\/\">Juan Ram\u00f3n Such<\/a>. <\/p>   <p>De momento, explica, ya han tenido que renunciar y abandonar el hospital dos facultativas especialistas en pediatr\u00eda y en breve, si no se busca una soluci\u00f3n, tendr\u00e1n que cesar otros cinco profesionales, con lo que el departamento se volver\u00eda a quedar con cuatro pediatras, \u00abalgo totalmente insuficiente\u00bb. <\/p>  <p><p>M\u00e1s informaci\u00f3n<\/p><figure><img loading=\"lazy\" decoding=\"async\" src=\"https:\/\/cadenaser.com\/resizer\/v2\/KTSM7NYWKBHAXO5Y7GSI4RYQYE.jpg?auth=5649e739f5bd038e49ce6bae122290668812566d3df7da5bf7e2e4f7f9070483&amp;quality=70&amp;width=360&amp;height=202&amp;smart=true\" width=\"820\" height=\"621\" \/><\/figure><ul><li><a href=\"https:\/\/cadenaser.com\/comunitat-valenciana\/2022\/05\/12\/el-hospital-de-la-marina-baixa-sigue-sin-consultas-de-pediatria-por-la-falta-de-medicos-radio-benidorm\/\"><span>Mayo de 2022: El hospital de la Marina Baixa sigue sin consultas de Pediatr\u00eda por la falta de m\u00e9dicos<\/span><\/a><\/li><\/ul><\/p>   <p>Este sindicato, recuerda, denunci\u00f3 en varias ocasiones el problema de la falta de pediatras: \u00abDe hecho en mayo de 2022 se suspendieron m\u00e1s de 200 consultas externas dejando sin atender a unos 230 ni\u00f1os y ni\u00f1as cada semana\u00bb.<\/p>   <p>Los m\u00e9dicos residentes, al rescate<\/p>   <p>Ante esa situaci\u00f3n llegaron cuatro especialistas que estaban finalizando su residencia en el Hospital General Doctor Balmis de Alicante para recuperar el millar de citas suspendidas: \u00abEn ese momento el servicio de pediatr\u00eda pend\u00eda de un hilo por la falta de m\u00e9dicos pero gracias a esas incorporaciones la situaci\u00f3n se solucion\u00f3\u00bb.<\/p>   <p>CCOO solicita ahora a la Conselleria de Sanidad que \u00abtome de manera urgente cartas en el asunto para que el hospital no sufra de nuevo la lamentable situaci\u00f3n de hace tres a\u00f1os, cuando los ni\u00f1os y ni\u00f1as no pod\u00edan ser atendidos\u00bb.<\/p> ","protected":false},"excerpt":{"rendered":"<p>Critican que la falta de profesionales y la mala gesti\u00f3n de la Generalitat puede volver a provocar la anulaci\u00f3n de centenares de citas<\/p>\n","protected":false},"author":0,"featured_media":15057,"comment_status":"open","ping_status":"open","sticky":false,"template":"","format":"standard","meta":{"_acf_changed":false,"footnotes":""},"categories":[1],"tags":[],"class_list":["post-15056","post","type-post","status-publish","format-standard","has-post-thumbnail","hentry","category-sin-categoria"],"acf":{"ser_id":"3NG2AICWNVDMVI7NKF7WUU5O5I","ser_url":"https:\/\/cadenaser.com\/comunitat-valenciana\/2025\/05\/14\/comisiones-obreras-denuncia-la-situacion-extrema-de-la-pediatria-en-el-hospital-marina-baixa-radio-benidorm\/"},"_links":{"self":[{"href":"https:\/\/serbenidorm.daliisolutions.com\/index.php\/wp-json\/wp\/v2\/posts\/15056","targetHints":{"allow":["GET"]}}],"collection":[{"href":"https:\/\/serbenidorm.daliisolutions.com\/index.php\/wp-json\/wp\/v2\/posts"}],"about":[{"href":"https:\/\/serbenidorm.daliisolutions.com\/index.php\/wp-json\/wp\/v2\/types\/post"}],"replies":[{"embeddable":true,"href":"https:\/\/serbenidorm.daliisolutions.com\/index.php\/wp-json\/wp\/v2\/comments?post=15056"}],"version-history":[{"count":0,"href":"https:\/\/serbenidorm.daliisolutions.com\/index.php\/wp-json\/wp\/v2\/posts\/15056\/revisions"}],"wp:featuredmedia":[{"embeddable":true,"href":"https:\/\/serbenidorm.daliisolutions.com\/index.php\/wp-json\/wp\/v2\/media\/15057"}],"wp:attachment":[{"href":"https:\/\/serbenidorm.daliisolutions.com\/index.php\/wp-json\/wp\/v2\/media?parent=15056"}],"wp:term":[{"taxonomy":"category","embeddable":true,"href":"https:\/\/serbenidorm.daliisolutions.com\/index.php\/wp-json\/wp\/v2\/categories?post=15056"},{"taxonomy":"post_tag","embeddable":true,"href":"https:\/\/serbenidorm.daliisolutions.com\/index.php\/wp-json\/wp\/v2\/tags?post=15056"}],"curies":[{"name":"wp","href":"https:\/\/api.w.org\/{rel}","templated":true}]}}