{"id":15058,"date":"2025-05-14T14:17:28","date_gmt":"2025-05-14T12:17:28","guid":{"rendered":"https:\/\/serbenidorm.daliisolutions.com\/index.php\/2025\/05\/14\/toni-perez-sobre-el-cuestionamiento-de-carlos-mazon-en-el-pp-para-los-que-quieran-un-movimiento-interno-ya-llegara-el-momento\/"},"modified":"2025-05-14T14:17:28","modified_gmt":"2025-05-14T12:17:28","slug":"toni-perez-sobre-el-cuestionamiento-de-carlos-mazon-en-el-pp-para-los-que-quieran-un-movimiento-interno-ya-llegara-el-momento","status":"publish","type":"post","link":"https:\/\/serbenidorm.daliisolutions.com\/index.php\/2025\/05\/14\/toni-perez-sobre-el-cuestionamiento-de-carlos-mazon-en-el-pp-para-los-que-quieran-un-movimiento-interno-ya-llegara-el-momento\/","title":{"rendered":"Toni P\u00e9rez, sobre el cuestionamiento de Carlos Maz\u00f3n en el PP: \u00abPara los que quieran un movimiento interno, ya llegar\u00e1 el momento\u00bb"},"content":{"rendered":"  <p><div data-adtype=\"MLDB\"><\/div><\/p>   <p>Alicante <\/p>   <p>Se suman las voces que reclaman un congreso regional para despejar el futuro del president de la Generalitat Valenciana, Carlos Maz\u00f3n.<\/p>   <p>El presidente provincial del PP, Toni P\u00e9rez, ha dicho este martes que no es momento ahora de preocuparse por cuestiones org\u00e1nicas dentro del PPCV, sino de trabajar por la reconstrucci\u00f3n, y que as\u00ed se lo exigen al president Maz\u00f3n los propios miembros del PP.<\/p>   <p>La prueba es la convocatoria para julio de ese Congreso Nacional extraordinario convocado por el l\u00edder de los populares, Alberto N\u00fa\u00f1ez Feijoo, que demuestra que el PP est\u00e1 preparado como alternativa, dice.<\/p>   <p>Y \u00abpara los que quieran un movimiento interno\u00bb, ya llegar\u00e1 el momento, dice, en alusi\u00f3n al reciente acto del expresident Francisco Camps en Valencia con veteranos como la exalcaldesa de Alicante, Sonia Castedo.<\/p>   <p><div class=\"c-mul-sc\"><div id=\"player-1747153021863\" class=\"c-player-audio\"><button class=\"bt-play\" data-audioid=\"1747153021863\" data-type=\"aod\" data-accountname=\"playser\"><\/button><div class=\"c-copiado\"><p>El c\u00f3digo iframe se ha copiado en el portapapeles<\/p><\/div><div class=\"d-audio\"><p class=\"tit\">Toni P\u00e9rez, presidente provincial del PP en Alicante: \u00abEn el PPCV,  para los que quieran un proceso interno, ya llegar\u00e1 el momento\u00bb<\/p><div class=\"b-pro\"><span class=\"progreso\"><\/span><\/div><div class=\"c-times\"><span class=\"t-progreso\">00:00:00<\/span><span class=\"t-total-audio\">00:27<\/span><\/div><\/div><button class=\"bt-op\"><\/button><div class=\"c-opciones c-comun\"><a href=\"https:\/\/prisa-es.mc.tritondigital.com\/SER_RADIO_ALICANTE_HORA_14\/media\/mcv\/playser\/multimedia\/20250513\/4467295_161802_audio_128.mp3?dist=cadenaser-web-tfp-permanente&amp;csegid=22000&amp;dl=1\" class=\"bt-down\">Descargar<\/a><button class=\"bt-share\">Compartir<\/button><button class=\"bt-close\">Cerrar<\/button><\/div><div class=\"c-opciones c-share\"><button class=\"bt-fb\" data-ssnn=\"facebook\" data-url=\"https:\/\/cadenaser.com\/comunitat-valenciana\/2025\/05\/13\/toni-perez-sobre-el-cuestionamiento-de-carlos-mazon-en-el-pp-para-los-que-quieran-un-movimiento-interno-ya-llegara-el-momento-radio-alicante\/\">Facebook<\/button><button class=\"bt-tw\" data-ssnn=\"twitter\" data-url=\"https:\/\/cadenaser.com\/comunitat-valenciana\/2025\/05\/13\/toni-perez-sobre-el-cuestionamiento-de-carlos-mazon-en-el-pp-para-los-que-quieran-un-movimiento-interno-ya-llegara-el-momento-radio-alicante\/\">Twitter<\/button><button class=\"bt-li\" data-ssnn=\"linkedin\" data-url=\"https:\/\/cadenaser.com\/comunitat-valenciana\/2025\/05\/13\/toni-perez-sobre-el-cuestionamiento-de-carlos-mazon-en-el-pp-para-los-que-quieran-un-movimiento-interno-ya-llegara-el-momento-radio-alicante\/\">Linkedin<\/button><button class=\"bt-wh\" data-ssnn=\"whatsapp\" data-url=\"https:\/\/cadenaser.com\/comunitat-valenciana\/2025\/05\/13\/toni-perez-sobre-el-cuestionamiento-de-carlos-mazon-en-el-pp-para-los-que-quieran-un-movimiento-interno-ya-llegara-el-momento-radio-alicante\/\">WhatsApp<\/button><button class=\"bt-close\">Cerrar<\/button><\/div><\/div><\/div><\/p>   <p>Jos\u00e9 Mu\u00f1oz, a favor de despejar el futuro de Maz\u00f3n<\/p>   <p>Mientras, el s\u00edndic portavoz del PSPV en les Corts, Jos\u00e9 Mu\u00f1oz, en Alicante se ha dirigido a los populares valencianos, a los que pregunta cu\u00e1ndo se celebrar\u00e1 ese congreso regional para despejar el futuro de Maz\u00f3n.<\/p>  <p><figure><img decoding=\"async\" src=\"https:\/\/cadenaser.com\/resizer\/v2\/5WQ3LUSMWNFDRH2YGLOI6YWWLY.jpg?auth=20f2bb1f2db8c2738204be91e679019397c6212afca9023c02c3e94f9cb17445&amp;quality=70&amp;width=650&amp;height=487&amp;smart=true\" width=\"4\" height=\"3\" loading=\"lazy\" \/><figcaption class=\"fc\"><p><span>PSPV<\/span><\/p><\/figcaption><\/figure><button class=\"bt-am\">Ampliar<\/button><div class=\"lb d-none\"><div><figure><img loading=\"lazy\" decoding=\"async\" src=\"https:\/\/cadenaser.com\/resizer\/v2\/5WQ3LUSMWNFDRH2YGLOI6YWWLY.jpg?auth=20f2bb1f2db8c2738204be91e679019397c6212afca9023c02c3e94f9cb17445\" width=\"4\" height=\"3\" \/><figcaption class=\"fc\"><p><span>PSPV<\/span><\/p><\/figcaption><\/figure><button>Cerrar<\/button><\/div><\/div><\/p>   <p>\u00abMaz\u00f3n est\u00e1 acorralado\u00bb, ha dicho en Alicante: social, judicialmente y en su propio partido. Una vez se conoce la fecha del Congreso Nacional, insta al PP valenciano a mover ficha.<\/p>   <p><div class=\"c-mul-sc\"><div id=\"player-1747153144002\" class=\"c-player-audio\"><button class=\"bt-play\" data-audioid=\"1747153144002\" data-type=\"aod\" data-accountname=\"playser\"><\/button><div class=\"c-copiado\"><p>El c\u00f3digo iframe se ha copiado en el portapapeles<\/p><\/div><div class=\"d-audio\"><p class=\"tit\">Jos\u00e9 Mu\u00f1oz, s\u00edndic portavoz del PSPV en les Corts: \u00ab\u00bfEl PPCV va a hacer el Congreso regional y va a continuar un presidente acorralado?\u00bb<\/p><div class=\"b-pro\"><span class=\"progreso\"><\/span><\/div><div class=\"c-times\"><span class=\"t-progreso\">00:00:00<\/span><span class=\"t-total-audio\">00:33<\/span><\/div><\/div><button class=\"bt-op\"><\/button><div class=\"c-opciones c-comun\"><a href=\"https:\/\/prisa-es.mc.tritondigital.com\/SER_RADIO_ALICANTE_HORA_14\/media\/mcv\/playser\/multimedia\/20250513\/4467303_162230_audio_128.mp3?dist=cadenaser-web-tfp-permanente&amp;csegid=22000&amp;dl=1\" class=\"bt-down\">Descargar<\/a><button class=\"bt-share\">Compartir<\/button><button class=\"bt-close\">Cerrar<\/button><\/div><div class=\"c-opciones c-share\"><button class=\"bt-fb\" data-ssnn=\"facebook\" data-url=\"https:\/\/cadenaser.com\/comunitat-valenciana\/2025\/05\/13\/toni-perez-sobre-el-cuestionamiento-de-carlos-mazon-en-el-pp-para-los-que-quieran-un-movimiento-interno-ya-llegara-el-momento-radio-alicante\/\">Facebook<\/button><button class=\"bt-tw\" data-ssnn=\"twitter\" data-url=\"https:\/\/cadenaser.com\/comunitat-valenciana\/2025\/05\/13\/toni-perez-sobre-el-cuestionamiento-de-carlos-mazon-en-el-pp-para-los-que-quieran-un-movimiento-interno-ya-llegara-el-momento-radio-alicante\/\">Twitter<\/button><button class=\"bt-li\" data-ssnn=\"linkedin\" data-url=\"https:\/\/cadenaser.com\/comunitat-valenciana\/2025\/05\/13\/toni-perez-sobre-el-cuestionamiento-de-carlos-mazon-en-el-pp-para-los-que-quieran-un-movimiento-interno-ya-llegara-el-momento-radio-alicante\/\">Linkedin<\/button><button class=\"bt-wh\" data-ssnn=\"whatsapp\" data-url=\"https:\/\/cadenaser.com\/comunitat-valenciana\/2025\/05\/13\/toni-perez-sobre-el-cuestionamiento-de-carlos-mazon-en-el-pp-para-los-que-quieran-un-movimiento-interno-ya-llegara-el-momento-radio-alicante\/\">WhatsApp<\/button><button class=\"bt-close\">Cerrar<\/button><\/div><\/div><\/div><\/p> ","protected":false},"excerpt":{"rendered":"<p>Para el presidente provincial del PP \u00abno es momento de preocuparse por cuestiones org\u00e1nicas dentro del PPCV\u00bb, sino de trabajar por la reconstrucci\u00f3n<\/p>\n","protected":false},"author":0,"featured_media":15059,"comment_status":"open","ping_status":"open","sticky":false,"template":"","format":"standard","meta":{"_acf_changed":false,"footnotes":""},"categories":[1],"tags":[],"class_list":["post-15058","post","type-post","status-publish","format-standard","has-post-thumbnail","hentry","category-sin-categoria"],"acf":{"ser_id":"72MPRQBYFFC5VFMFP6BTUSJUD4","ser_url":"https:\/\/cadenaser.com\/comunitat-valenciana\/2025\/05\/13\/toni-perez-sobre-el-cuestionamiento-de-carlos-mazon-en-el-pp-para-los-que-quieran-un-movimiento-interno-ya-llegara-el-momento-radio-alicante\/"},"_links":{"self":[{"href":"https:\/\/serbenidorm.daliisolutions.com\/index.php\/wp-json\/wp\/v2\/posts\/15058","targetHints":{"allow":["GET"]}}],"collection":[{"href":"https:\/\/serbenidorm.daliisolutions.com\/index.php\/wp-json\/wp\/v2\/posts"}],"about":[{"href":"https:\/\/serbenidorm.daliisolutions.com\/index.php\/wp-json\/wp\/v2\/types\/post"}],"replies":[{"embeddable":true,"href":"https:\/\/serbenidorm.daliisolutions.com\/index.php\/wp-json\/wp\/v2\/comments?post=15058"}],"version-history":[{"count":0,"href":"https:\/\/serbenidorm.daliisolutions.com\/index.php\/wp-json\/wp\/v2\/posts\/15058\/revisions"}],"wp:featuredmedia":[{"embeddable":true,"href":"https:\/\/serbenidorm.daliisolutions.com\/index.php\/wp-json\/wp\/v2\/media\/15059"}],"wp:attachment":[{"href":"https:\/\/serbenidorm.daliisolutions.com\/index.php\/wp-json\/wp\/v2\/media?parent=15058"}],"wp:term":[{"taxonomy":"category","embeddable":true,"href":"https:\/\/serbenidorm.daliisolutions.com\/index.php\/wp-json\/wp\/v2\/categories?post=15058"},{"taxonomy":"post_tag","embeddable":true,"href":"https:\/\/serbenidorm.daliisolutions.com\/index.php\/wp-json\/wp\/v2\/tags?post=15058"}],"curies":[{"name":"wp","href":"https:\/\/api.w.org\/{rel}","templated":true}]}}