{"id":15081,"date":"2025-05-15T07:07:20","date_gmt":"2025-05-15T05:07:20","guid":{"rendered":"https:\/\/serbenidorm.daliisolutions.com\/index.php\/2025\/05\/15\/el-whatsapp-de-un-cura-de-benidorm-al-nuevo-papa-tras-su-eleccion-no-deja-de-ser-una-cruz\/"},"modified":"2025-05-15T07:07:20","modified_gmt":"2025-05-15T05:07:20","slug":"el-whatsapp-de-un-cura-de-benidorm-al-nuevo-papa-tras-su-eleccion-no-deja-de-ser-una-cruz","status":"publish","type":"post","link":"https:\/\/serbenidorm.daliisolutions.com\/index.php\/2025\/05\/15\/el-whatsapp-de-un-cura-de-benidorm-al-nuevo-papa-tras-su-eleccion-no-deja-de-ser-una-cruz\/","title":{"rendered":"El whatsapp de un cura de Benidorm al nuevo papa tras su elecci\u00f3n: \u00abNo deja de ser una cruz\u00bb"},"content":{"rendered":"  <p><div data-adtype=\"MLDB\"><\/div><\/p>   <p>Benidorm<\/p>   <p>Nueva conexi\u00f3n entre Benidorm y el coraz\u00f3n del Vaticano. El sacerdote y misionero Jaume Benaloy ha compartido este mi\u00e9rcoles en <a href=\"https:\/\/cadenaser.com\/tag\/benidorm\/a\/\" target=\"_blank\" rel=\"nofollow\" title=\"https:\/\/cadenaser.com\/tag\/benidorm\/a\/\">La Ventana de la Marina Baixa<\/a> su emoci\u00f3n por el nombramiento del nuevo papa Le\u00f3n XIV, anteriormente conocido como el cardenal Robert Prevost y con quien mantuvo una estrecha colaboraci\u00f3n durante su etapa en Per\u00fa. <\/p>   <p>Desde el asilo San Jos\u00e9 de Casma, donde se encontraba cuando se anunci\u00f3 la elecci\u00f3n, Benaloy relata con entusiasmo el momento en que reconoci\u00f3 el nombre de quien fue su compa\u00f1ero en la Conferencia Episcopal Peruana: \u201cFue una alegr\u00eda impresionante. Me parec\u00eda estar viendo un meme de inteligencia artificial\u201d.<\/p>   <p>Durante seis a\u00f1os, Benaloy trabaj\u00f3 codo a codo con Prevost en la Comisi\u00f3n de Cultura y Educaci\u00f3n, donde ejerci\u00f3 como secretario ejecutivo. De aquella experiencia recuerda a un hombre \u201cbueno y gran misionero\u201d, un l\u00edder con \u201ccoraz\u00f3n de pastor\u201d, capaz de escuchar, acompa\u00f1ar con misericordia y mantenerse discreto incluso en puestos de alta responsabilidad: \u201cEs sabio, pero no busca protagonismo. Su presencia ilumina sin deslumbrar\u201d, ha destacado antes de confesar haberle enviado un mensaje de felicitaci\u00f3n apenas fue elegido.<\/p>  <p><p>M\u00e1s informaci\u00f3n<\/p><figure><img loading=\"lazy\" decoding=\"async\" src=\"https:\/\/cadenaser.com\/resizer\/v2\/DLPVXW7TBFGMFNH56OQYVUR3OU.jpg?auth=3312408d198fa5fe63437bbce3043d2e3d558ab19136d8c9a75d477ff35b5eff&amp;quality=70&amp;width=360&amp;height=202&amp;smart=true\" width=\"820\" height=\"621\" \/><\/figure><ul><li><a href=\"https:\/\/cadenaser.com\/comunitat-valenciana\/2023\/05\/05\/de-benidorm-a-peru-la-apasionante-historia-del-padre-benaloy-radio-benidorm\/\"><span>De Benidorm a Per\u00fa; la apasionante historia del Padre Benaloy<\/span><\/a><\/li><\/ul><\/p>   <p>Un whatsapp en el que enviaba al nuevo sumo pont\u00edfice una foto de su televisor, sobre el que hay una imagen de los m\u00e1rtires de Chimbote, a cuya beatificaci\u00f3n asisti\u00f3 Prevost, asegur\u00e1ndole su oraci\u00f3n y cercan\u00eda: \u201cNo deja ser una cruz pesada y dif\u00edcil, pero que el mismo Dios da la gracia para llevarla\u201d.<\/p>   <p>El padre Benaloy subraya que Le\u00f3n XIV ser\u00e1 un papa de continuidad, especialmente con las reformas impulsadas por Francisco, pero con sello propio. Considera que el nuevo pont\u00edfice dar\u00e1 pasos firmes hacia una Iglesia \u201csinodal, cercana y al servicio del mundo\u201d, sin necesidad de grandes gestos medi\u00e1ticos. \u201cNo va a compararse con sus antecesores. Es pr\u00e1ctico, paciente y tiene una mirada que combina la eficiencia norteamericana con la misericordia latinoamericana\u201d, ha afirmado.<\/p>   <p>Uno de los principales desaf\u00edos que afronta el nuevo papa, seg\u00fan Benaloy, es el compromiso con la paz. \u201cHa repetido hasta diez veces esa palabra en su primer saludo desde el balc\u00f3n. Su apuesta es por una paz desarmada y desarmante, una propuesta profundamente evang\u00e9lica y contracultural\u201d, explica. Tambi\u00e9n se\u00f1ala como retos prioritarios el papel activo de la mujer en la Iglesia y la lucha contra los abusos, manteniendo la pol\u00edtica de tolerancia cero.<\/p>   <p>Desde la Parroquia de Santo Toribio, en Chimbote, donde dirige iniciativas como la Biblioteca Virgen del Sufragio o el asilo San Jos\u00e9 de Casma, Jaume Benaloy contin\u00faa su labor pastoral con el mismo compromiso que comparti\u00f3 con Le\u00f3n XIV: \u201cLa Iglesia debe ser faro en la noche del mundo\u201d, recuerda citando las palabras del nuevo papa. <\/p> ","protected":false},"excerpt":{"rendered":"<p>Jaume Benaloy trabaj\u00f3 de forma muy estrecha con Prevost en Per\u00fa <\/p>\n","protected":false},"author":0,"featured_media":15082,"comment_status":"open","ping_status":"open","sticky":false,"template":"","format":"standard","meta":{"_acf_changed":false,"footnotes":""},"categories":[1],"tags":[],"class_list":["post-15081","post","type-post","status-publish","format-standard","has-post-thumbnail","hentry","category-sin-categoria"],"acf":{"ser_id":"GEINUSXNMNCRVP2BGWH52LHYJA","ser_url":"https:\/\/cadenaser.com\/comunitat-valenciana\/2025\/05\/14\/el-whatsapp-de-un-cura-de-benidorm-al-nuevo-papa-leon-xiv-tras-su-eleccion-no-deja-de-ser-una-cruz-radio-benidorm\/"},"_links":{"self":[{"href":"https:\/\/serbenidorm.daliisolutions.com\/index.php\/wp-json\/wp\/v2\/posts\/15081","targetHints":{"allow":["GET"]}}],"collection":[{"href":"https:\/\/serbenidorm.daliisolutions.com\/index.php\/wp-json\/wp\/v2\/posts"}],"about":[{"href":"https:\/\/serbenidorm.daliisolutions.com\/index.php\/wp-json\/wp\/v2\/types\/post"}],"replies":[{"embeddable":true,"href":"https:\/\/serbenidorm.daliisolutions.com\/index.php\/wp-json\/wp\/v2\/comments?post=15081"}],"version-history":[{"count":0,"href":"https:\/\/serbenidorm.daliisolutions.com\/index.php\/wp-json\/wp\/v2\/posts\/15081\/revisions"}],"wp:featuredmedia":[{"embeddable":true,"href":"https:\/\/serbenidorm.daliisolutions.com\/index.php\/wp-json\/wp\/v2\/media\/15082"}],"wp:attachment":[{"href":"https:\/\/serbenidorm.daliisolutions.com\/index.php\/wp-json\/wp\/v2\/media?parent=15081"}],"wp:term":[{"taxonomy":"category","embeddable":true,"href":"https:\/\/serbenidorm.daliisolutions.com\/index.php\/wp-json\/wp\/v2\/categories?post=15081"},{"taxonomy":"post_tag","embeddable":true,"href":"https:\/\/serbenidorm.daliisolutions.com\/index.php\/wp-json\/wp\/v2\/tags?post=15081"}],"curies":[{"name":"wp","href":"https:\/\/api.w.org\/{rel}","templated":true}]}}