{"id":15103,"date":"2025-05-15T14:18:11","date_gmt":"2025-05-15T12:18:11","guid":{"rendered":"https:\/\/serbenidorm.daliisolutions.com\/index.php\/2025\/05\/15\/finestrat-abre-el-19-de-mayo-el-plazo-para-solicitar-plaza-en-las-escuelas-municipales-de-verano\/"},"modified":"2025-05-15T14:18:11","modified_gmt":"2025-05-15T12:18:11","slug":"finestrat-abre-el-19-de-mayo-el-plazo-para-solicitar-plaza-en-las-escuelas-municipales-de-verano","status":"publish","type":"post","link":"https:\/\/serbenidorm.daliisolutions.com\/index.php\/2025\/05\/15\/finestrat-abre-el-19-de-mayo-el-plazo-para-solicitar-plaza-en-las-escuelas-municipales-de-verano\/","title":{"rendered":"Finestrat abre, el 19 de mayo, el plazo para solicitar plaza en las Escuelas Municipales de Verano"},"content":{"rendered":"  <p><div data-adtype=\"MLDB\"><\/div><\/p>   <p>Finestrat<\/p>   <p>El lunes 19 de mayo Finestrat abre plazo de inscripci\u00f3n para las Escuelas de Verano. En <a href=\"https:\/\/radiobenidorm.es\" target=\"_blank\" rel=\"nofollow\" title=\"https:\/\/radiobenidorm.es\">Hoy por Hoy Benidorm<\/a> la edil de Educaci\u00f3n, Beatriz Quintill\u00e1n, ha explicado que el municipio pone a disposici\u00f3n de los vecinos \u00abhasta tres escuelas de verano diferentes para poder conciliar la vida familiar con la vida laboral\u00bb. <\/p>   <p>Por un lado estar\u00e1 la Escuela de Verano de la EMUFI (Escuela Municipal de Finestrat) enfocada para bebes, y para ni\u00f1os de entre 3 y 12 a\u00f1os, los padres pueden optar por la Escuela de Verano del CEIP Puig Campana, que se encuentra en el casco urbano, o la del CEIP Balc\u00f3 de Finestrat, m\u00e1s pr\u00f3xima a las urbanizaciones y La Cala. <\/p>   <p>En el caso de EMUFI el servicio se dar\u00e1 con comedor incluido hasta las 15:00 horas y el precio es 100\u20ac\/semanales. Para aquellos que se inscriban en la Escuela Puig Campana y Balc\u00f3 de Finestrat en horario de 9:00 a 13:00 horas el precio es 40\u20ac\/semana; y si es hasta las 15:00 horas (con el comedor incluido), 50\u20ac\/semana.<\/p>   <p>Para estas 3 escuelas el plazo de inscripci\u00f3n empezar\u00e1 el lunes 19 de mayo a las 9:00 horas y estar\u00e1 abierto hasta el viernes 23 de mayo a las 23:59 horas. <\/p> ","protected":false},"excerpt":{"rendered":"<p>Las familias pueden optar por la EMUFI para beb\u00e9s y el Puig Campana o Balc\u00f3 de Finestrat para ni\u00f1os de 3 a 12 a\u00f1os<\/p>\n","protected":false},"author":0,"featured_media":15104,"comment_status":"open","ping_status":"open","sticky":false,"template":"","format":"standard","meta":{"_acf_changed":false,"footnotes":""},"categories":[1],"tags":[],"class_list":["post-15103","post","type-post","status-publish","format-standard","has-post-thumbnail","hentry","category-sin-categoria"],"acf":{"ser_id":"HWTNXWLSOJCRPHTBPVLURA57ZM","ser_url":"https:\/\/cadenaser.com\/comunitat-valenciana\/2025\/05\/15\/finestrat-abre-el-19-de-mayo-el-plazo-para-solicitar-plaza-en-las-escuelas-municipales-de-verano-radio-benidorm\/"},"_links":{"self":[{"href":"https:\/\/serbenidorm.daliisolutions.com\/index.php\/wp-json\/wp\/v2\/posts\/15103","targetHints":{"allow":["GET"]}}],"collection":[{"href":"https:\/\/serbenidorm.daliisolutions.com\/index.php\/wp-json\/wp\/v2\/posts"}],"about":[{"href":"https:\/\/serbenidorm.daliisolutions.com\/index.php\/wp-json\/wp\/v2\/types\/post"}],"replies":[{"embeddable":true,"href":"https:\/\/serbenidorm.daliisolutions.com\/index.php\/wp-json\/wp\/v2\/comments?post=15103"}],"version-history":[{"count":0,"href":"https:\/\/serbenidorm.daliisolutions.com\/index.php\/wp-json\/wp\/v2\/posts\/15103\/revisions"}],"wp:featuredmedia":[{"embeddable":true,"href":"https:\/\/serbenidorm.daliisolutions.com\/index.php\/wp-json\/wp\/v2\/media\/15104"}],"wp:attachment":[{"href":"https:\/\/serbenidorm.daliisolutions.com\/index.php\/wp-json\/wp\/v2\/media?parent=15103"}],"wp:term":[{"taxonomy":"category","embeddable":true,"href":"https:\/\/serbenidorm.daliisolutions.com\/index.php\/wp-json\/wp\/v2\/categories?post=15103"},{"taxonomy":"post_tag","embeddable":true,"href":"https:\/\/serbenidorm.daliisolutions.com\/index.php\/wp-json\/wp\/v2\/tags?post=15103"}],"curies":[{"name":"wp","href":"https:\/\/api.w.org\/{rel}","templated":true}]}}