{"id":15106,"date":"2025-05-15T15:09:33","date_gmt":"2025-05-15T13:09:33","guid":{"rendered":"https:\/\/serbenidorm.daliisolutions.com\/index.php\/2025\/05\/15\/benidorm-pone-coto-a-los-riders-en-patinete\/"},"modified":"2025-05-15T15:09:33","modified_gmt":"2025-05-15T13:09:33","slug":"benidorm-pone-coto-a-los-riders-en-patinete","status":"publish","type":"post","link":"https:\/\/serbenidorm.daliisolutions.com\/index.php\/2025\/05\/15\/benidorm-pone-coto-a-los-riders-en-patinete\/","title":{"rendered":"Benidorm pone coto a los \u201criders\u201d en patinete"},"content":{"rendered":"  <p><div data-adtype=\"MLDB\"><\/div><\/p>   <p>Benidorm<\/p>   <p>El Ayuntamiento de Benidorm ha puesto en marcha una campa\u00f1a informativa para acabar con el reparto de mercanc\u00edas en veh\u00edculos no autorizados. Desde el Consistorio recuerdan que los veh\u00edculos de movilidad personal, los conocidos patinetes, no est\u00e1n autorizados a repartir mercanc\u00edas y que quienes sean interceptados haci\u00e9ndolo se enfrentan a multas que pueden oscilar entre los 80 y los 500 euros, adem\u00e1s de enfrentarse a la inmovilizaci\u00f3n del veh\u00edculo. <\/p>   <p>El objetivo de la campa\u00f1a, recuerdan desde las concejal\u00edas de Movilidad y Seguridad Ciudadana, es incidir en el cumplimiento de la normativa ya que \u00e9sta, tanto la estatal como la ordenanza municipal de Movilidad, impide a veh\u00edculos de movilidad personal (VMP) ordinarios ser utilizados para este fin. <\/p>   <p>El edil de Movilidad, Francis Mu\u00f1oz, ha relatado que \u201ca pesar de lo que establece la normativa se ha detectado que hay veh\u00edculos de movilidad personal que se est\u00e1n dedicando al transporte de mercanc\u00edas en nuestra ciudad sin poder hacerlo, cada vez con mayor incidencia\u201d y, por ello, se ha hecho \u201cnecesario iniciar esta campa\u00f1a\u201d. <\/p>   <p>La Polic\u00eda Local ya est\u00e1 realizando controles diarios en distintos puntos del municipio para comprobar que los usuarios de patinetes el\u00e9ctricos cuenten con seguro de responsabilidad y cumplan con las limitaciones de velocidad establecidas y el uso del caso. <\/p>   <p>A partir de ahora, adem\u00e1s, se inicia una fase informativa, durante las pr\u00f3ximas semanas, para avisar de que s\u00f3lo los veh\u00edculos destinados al transporte de mercanc\u00edas pueden emplearse para tal fin. Una vez superado el periodo informativo, \u201cse proceder\u00e1 a sancionar a aquellas personas que no cumplan la normativa y persistan en el reparto de mercanc\u00edas con veh\u00edculos no autorizados\u201d, avisa Mu\u00f1oz.<\/p> ","protected":false},"excerpt":{"rendered":"<p>Se inicia una fase informativa, tras la cual se enfrentar\u00e1n a multas de entre 80 y 500 euros<\/p>\n","protected":false},"author":0,"featured_media":15107,"comment_status":"open","ping_status":"open","sticky":false,"template":"","format":"standard","meta":{"_acf_changed":false,"footnotes":""},"categories":[1],"tags":[],"class_list":["post-15106","post","type-post","status-publish","format-standard","has-post-thumbnail","hentry","category-sin-categoria"],"acf":{"ser_id":"TDZG366EMRCVHPI2XTISX355MA","ser_url":"https:\/\/cadenaser.com\/comunitat-valenciana\/2025\/05\/15\/benidorm-pone-coto-a-los-riders-en-patinete-radio-benidorm\/"},"_links":{"self":[{"href":"https:\/\/serbenidorm.daliisolutions.com\/index.php\/wp-json\/wp\/v2\/posts\/15106","targetHints":{"allow":["GET"]}}],"collection":[{"href":"https:\/\/serbenidorm.daliisolutions.com\/index.php\/wp-json\/wp\/v2\/posts"}],"about":[{"href":"https:\/\/serbenidorm.daliisolutions.com\/index.php\/wp-json\/wp\/v2\/types\/post"}],"replies":[{"embeddable":true,"href":"https:\/\/serbenidorm.daliisolutions.com\/index.php\/wp-json\/wp\/v2\/comments?post=15106"}],"version-history":[{"count":0,"href":"https:\/\/serbenidorm.daliisolutions.com\/index.php\/wp-json\/wp\/v2\/posts\/15106\/revisions"}],"wp:featuredmedia":[{"embeddable":true,"href":"https:\/\/serbenidorm.daliisolutions.com\/index.php\/wp-json\/wp\/v2\/media\/15107"}],"wp:attachment":[{"href":"https:\/\/serbenidorm.daliisolutions.com\/index.php\/wp-json\/wp\/v2\/media?parent=15106"}],"wp:term":[{"taxonomy":"category","embeddable":true,"href":"https:\/\/serbenidorm.daliisolutions.com\/index.php\/wp-json\/wp\/v2\/categories?post=15106"},{"taxonomy":"post_tag","embeddable":true,"href":"https:\/\/serbenidorm.daliisolutions.com\/index.php\/wp-json\/wp\/v2\/tags?post=15106"}],"curies":[{"name":"wp","href":"https:\/\/api.w.org\/{rel}","templated":true}]}}