{"id":15131,"date":"2025-05-16T15:01:56","date_gmt":"2025-05-16T13:01:56","guid":{"rendered":"https:\/\/serbenidorm.daliisolutions.com\/index.php\/2025\/05\/16\/benidorm-se-abre-a-la-participacion-en-la-confeccion-catalogo-de-bienes-y-espacios-protegidos\/"},"modified":"2025-05-16T15:01:56","modified_gmt":"2025-05-16T13:01:56","slug":"benidorm-se-abre-a-la-participacion-en-la-confeccion-catalogo-de-bienes-y-espacios-protegidos","status":"publish","type":"post","link":"https:\/\/serbenidorm.daliisolutions.com\/index.php\/2025\/05\/16\/benidorm-se-abre-a-la-participacion-en-la-confeccion-catalogo-de-bienes-y-espacios-protegidos\/","title":{"rendered":"Benidorm se abre a la participaci\u00f3n en la confecci\u00f3n Cat\u00e1logo de Bienes y Espacios Protegidos"},"content":{"rendered":"  <p><div data-adtype=\"MLDB\"><\/div><\/p>   <p>Benidorm<\/p>   <p>El Ayuntamiento de Benidorm avanza en el proceso de confecci\u00f3n del Cat\u00e1logo de Bienes y Espacios Protegidos con una jornada de participaci\u00f3n abierta a toda la ciudadan\u00eda que se celebrar\u00e1 el pr\u00f3ximo martes, 20 de mayo, en el centro municipal El Torrej\u00f3 a las 17.30 horas.<\/p>   <p>Esta jornada se enmarca dentro de la fase de participaci\u00f3n de la que saldr\u00e1 el inventario del cat\u00e1logo y llega despu\u00e9s de la consulta p\u00fablica impulsada para recabar propuestas y sugerencias de cara a la confecci\u00f3n del documento.<\/p>   <p>Seg\u00fan la edil de Urbanismo, Lourdes Caselles, \u00abhasta ese momento, cualquier persona que lo desee puede hacernos llegar a trav\u00e9s de la Sede Electr\u00f3nica del Ayuntamiento sus propuestas sobre bienes a incluir en el cat\u00e1logo\u201d. Posteriormente, el equipo externo especializado implicado en el proyecto valorar\u00e1 cada una de las propuestas presentadas.<\/p>   <p>Caselles ha afirmado que \u201cel objetivo de la jornada del pr\u00f3ximo martes es informar a la poblaci\u00f3n de en qu\u00e9 consiste un cat\u00e1logo de bienes, cu\u00e1les son los diferentes tipos de protecci\u00f3n que recogen estos documentos y dem\u00e1s cuestiones normativas\u201d. Pero, adem\u00e1s, \u201ccomo queremos que la ciudadan\u00eda sea part\u00edcipe al m\u00e1ximo posible de todo este proceso de puesta en valor de nuestro patrimonio, en el transcurso de la jornada tambi\u00e9n se podr\u00e1n hacer sugerencias para su posible inclusi\u00f3n en el inventario.<\/p>   <p>La titular de Urbanismo ha detallado que, a la hora de abordar la redacci\u00f3n del cat\u00e1logo, el equipo especializado contratado por el Ayuntamiento \u201cno ha partido de cero, si no que ha empezado a trabajar a partir de las fichas existentes trasladadas por el departamento de Patrimonio Hist\u00f3rico y que ya se est\u00e1n aplicando\u201d. Al margen de esas fichas, \u201cest\u00e1n incorporando al inventario bienes de factura m\u00e1s reciente\u201d.<\/p>   <p>La responsable de Urbanismo ha recordado que \u201cel objetivo final es contar con un documento t\u00e9cnico riguroso, exhaustivo y realista\u201d, con el que ahondar en \u201cla constante y tenaz acci\u00f3n de puesta en valor, recuperaci\u00f3n y protecci\u00f3n del patrimonio hist\u00f3rico local, que ha sido una t\u00f3nica en los \u00faltimos diez a\u00f1os\u201d. Asimismo, ha invitado a la ciudadan\u00eda \u201ca participar de la jornada del pr\u00f3ximo martes\u201d.<\/p> ","protected":false},"excerpt":{"rendered":"<p>El centro municipal El Torrej\u00f3 convoca una jornada de participaci\u00f3n el martes 20 de mayo<\/p>\n","protected":false},"author":0,"featured_media":15132,"comment_status":"open","ping_status":"open","sticky":false,"template":"","format":"standard","meta":{"_acf_changed":false,"footnotes":""},"categories":[1],"tags":[],"class_list":["post-15131","post","type-post","status-publish","format-standard","has-post-thumbnail","hentry","category-sin-categoria"],"acf":{"ser_id":"VDO4XI2P6NAWZAYQQYP63QBKZQ","ser_url":"https:\/\/cadenaser.com\/comunitat-valenciana\/2025\/05\/16\/benidorm-se-abre-a-la-participacion-en-la-confeccion-catalogo-de-bienes-y-espacios-protegidos-radio-benidorm\/"},"_links":{"self":[{"href":"https:\/\/serbenidorm.daliisolutions.com\/index.php\/wp-json\/wp\/v2\/posts\/15131","targetHints":{"allow":["GET"]}}],"collection":[{"href":"https:\/\/serbenidorm.daliisolutions.com\/index.php\/wp-json\/wp\/v2\/posts"}],"about":[{"href":"https:\/\/serbenidorm.daliisolutions.com\/index.php\/wp-json\/wp\/v2\/types\/post"}],"replies":[{"embeddable":true,"href":"https:\/\/serbenidorm.daliisolutions.com\/index.php\/wp-json\/wp\/v2\/comments?post=15131"}],"version-history":[{"count":0,"href":"https:\/\/serbenidorm.daliisolutions.com\/index.php\/wp-json\/wp\/v2\/posts\/15131\/revisions"}],"wp:featuredmedia":[{"embeddable":true,"href":"https:\/\/serbenidorm.daliisolutions.com\/index.php\/wp-json\/wp\/v2\/media\/15132"}],"wp:attachment":[{"href":"https:\/\/serbenidorm.daliisolutions.com\/index.php\/wp-json\/wp\/v2\/media?parent=15131"}],"wp:term":[{"taxonomy":"category","embeddable":true,"href":"https:\/\/serbenidorm.daliisolutions.com\/index.php\/wp-json\/wp\/v2\/categories?post=15131"},{"taxonomy":"post_tag","embeddable":true,"href":"https:\/\/serbenidorm.daliisolutions.com\/index.php\/wp-json\/wp\/v2\/tags?post=15131"}],"curies":[{"name":"wp","href":"https:\/\/api.w.org\/{rel}","templated":true}]}}