{"id":15133,"date":"2025-05-16T15:44:13","date_gmt":"2025-05-16T13:44:13","guid":{"rendered":"https:\/\/serbenidorm.daliisolutions.com\/index.php\/2025\/05\/16\/benidorm-lidera-la-ocupacion-del-fin-de-semana-en-la-comunitat-por-el-efecto-eurofan\/"},"modified":"2025-05-16T15:44:13","modified_gmt":"2025-05-16T13:44:13","slug":"benidorm-lidera-la-ocupacion-del-fin-de-semana-en-la-comunitat-por-el-efecto-eurofan","status":"publish","type":"post","link":"https:\/\/serbenidorm.daliisolutions.com\/index.php\/2025\/05\/16\/benidorm-lidera-la-ocupacion-del-fin-de-semana-en-la-comunitat-por-el-efecto-eurofan\/","title":{"rendered":"Benidorm lidera la ocupaci\u00f3n del fin de semana en la Comunitat por el efecto \u00abEurofan\u00bb"},"content":{"rendered":"  <p><div data-adtype=\"MLDB\"><\/div><\/p>   <p>Benidorm<\/p>   <p>La ocupaci\u00f3n hotelera se dispara este fin de semana a cifras de temporada alta en los destinos de la Comunitat Valenciana y alcanza el \u00ablleno t\u00e9cnico\u00bb en Benidorm que llenar\u00e1 camas al 95%.<\/p>   <p>Seg\u00fan la patronal hotelera Hosbec factores como la celebraci\u00f3n de San Isidro, festivo en Madrid, y la promoci\u00f3n que ha venido haciendo el Benidorm Fest con motivo de la final de Eurovisi\u00f3n han disparado las cifras en los destinos de la Comunitat, aunque especialmente en Benidorm. <\/p>   <p>La buena previsi\u00f3n meteorol\u00f3gica de sol y temperaturas agradables para el fin de semana, es otro de los factores que ha jugado a favor de los destinos tur\u00edsticos de la Comunitat.<\/p>   <p>Los mejores datos de ocupaci\u00f3n se van a registrar en la ciudad de Benidorm, que rozar\u00e1 el lleno t\u00e9cnico con un 92-95% de previsi\u00f3n y un 90% de reservas ya consolidadas, y la ciudad de Valencia que deja ya los dif\u00edciles momentos pasados y que va a situar su ocupaci\u00f3n final en un 90% aproximadamente. <\/p>   <p>En t\u00e9rminos generales la Comunitat Valenciana cuenta ya con un 83,5% de las reservas confirmadas y una previsi\u00f3n de ocupaci\u00f3n final superior al 85%. La Costa Blanca, sin contar Benidorm, tiene ya confirmadas el 81,7% de las reservas y se prev\u00e9 alcanzar el 85% de ocupaci\u00f3n. <\/p>   <p>El mercado internacional sigue empujando fuerte y que alcanza una cuota del 42% en la Comunitat, pero puntas del 60% en Valencia o del 47% en Benidorm. <\/p> ","protected":false},"excerpt":{"rendered":"<p>Hosbec atribuye a la festividad de San Isidro y la promoci\u00f3n de BenidormFest con motivo de Eurovisi\u00f3n los buenos datos de ocupaci\u00f3n hotelera<\/p>\n","protected":false},"author":0,"featured_media":15134,"comment_status":"open","ping_status":"open","sticky":false,"template":"","format":"standard","meta":{"_acf_changed":false,"footnotes":""},"categories":[1],"tags":[],"class_list":["post-15133","post","type-post","status-publish","format-standard","has-post-thumbnail","hentry","category-sin-categoria"],"acf":{"ser_id":"KTIPRHTQ2RC2DOI4XM7UWLCMTU","ser_url":"https:\/\/cadenaser.com\/comunitat-valenciana\/2025\/05\/16\/benidorm-lidera-la-ocupacion-del-fin-de-semana-en-la-comunitat-por-el-efecto-eurofan-radio-benidorm\/"},"_links":{"self":[{"href":"https:\/\/serbenidorm.daliisolutions.com\/index.php\/wp-json\/wp\/v2\/posts\/15133","targetHints":{"allow":["GET"]}}],"collection":[{"href":"https:\/\/serbenidorm.daliisolutions.com\/index.php\/wp-json\/wp\/v2\/posts"}],"about":[{"href":"https:\/\/serbenidorm.daliisolutions.com\/index.php\/wp-json\/wp\/v2\/types\/post"}],"replies":[{"embeddable":true,"href":"https:\/\/serbenidorm.daliisolutions.com\/index.php\/wp-json\/wp\/v2\/comments?post=15133"}],"version-history":[{"count":0,"href":"https:\/\/serbenidorm.daliisolutions.com\/index.php\/wp-json\/wp\/v2\/posts\/15133\/revisions"}],"wp:featuredmedia":[{"embeddable":true,"href":"https:\/\/serbenidorm.daliisolutions.com\/index.php\/wp-json\/wp\/v2\/media\/15134"}],"wp:attachment":[{"href":"https:\/\/serbenidorm.daliisolutions.com\/index.php\/wp-json\/wp\/v2\/media?parent=15133"}],"wp:term":[{"taxonomy":"category","embeddable":true,"href":"https:\/\/serbenidorm.daliisolutions.com\/index.php\/wp-json\/wp\/v2\/categories?post=15133"},{"taxonomy":"post_tag","embeddable":true,"href":"https:\/\/serbenidorm.daliisolutions.com\/index.php\/wp-json\/wp\/v2\/tags?post=15133"}],"curies":[{"name":"wp","href":"https:\/\/api.w.org\/{rel}","templated":true}]}}