{"id":1518,"date":"2024-01-18T11:25:43","date_gmt":"2024-01-18T10:25:43","guid":{"rendered":"https:\/\/serbenidorm.daliisolutions.com\/index.php\/2024\/01\/18\/jordi-bruixola-me-quedo-con-la-ilusion-de-los-ninos-y-ninas-de-la-academia\/"},"modified":"2024-01-18T11:25:43","modified_gmt":"2024-01-18T10:25:43","slug":"jordi-bruixola-me-quedo-con-la-ilusion-de-los-ninos-y-ninas-de-la-academia","status":"publish","type":"post","link":"https:\/\/serbenidorm.daliisolutions.com\/index.php\/2024\/01\/18\/jordi-bruixola-me-quedo-con-la-ilusion-de-los-ninos-y-ninas-de-la-academia\/","title":{"rendered":"Jordi Bruixola: \u00abMe quedo con la ilusi\u00f3n de los ni\u00f1os y ni\u00f1as de la academia\u00bb"},"content":{"rendered":"  <p>Benidorm<\/p>   <p>Cerca de 4.000 personas se dieron cita el pasado domingo en el estadio Guillermo Amor con motivo del regreso del C.F. Benidorm a su feudo tras haber tenido que disputar toda la primera vuelta de la Lliga Comunitat \u2018exiliado\u2019 en el Nou Pla de La Vila Joiosa.<\/p>   <p>En lo que se hab\u00eda anunciado como una gran fiesta del balompi\u00e9 local y, sobre todo, lo que se consideraba como un gran examen para comprobar el tir\u00f3n popular que el proyecto capitaneado por David Villa al frente de la entidad, la respuesta de la afici\u00f3n permite ser muy optimista y todo rubricado con la gran marcha del equipo entrenado por Miguel \u00c1ngel Mart\u00ednez, l\u00edder destacado y campe\u00f3n de invierno del grupo.<\/p>   <p>Por todo ello, el presidente del C.F. Benidorm, Jordi Bruixola, ha querido mostrar su satisfacci\u00f3n a trav\u00e9s de un comunicado con el que ha querido \u201cexpresar p\u00fablicamente mi m\u00e1s sincero agradecimiento a las cerca de 4.000 personas que nos apoyaron en nuestro partido del pasado domingo en el estadio Guillermo Amor\u201d.<\/p>   <p>Dirigi\u00e9ndose directamente a la afici\u00f3n, Bruixola ha afirmado que \u201cvuestra presencia y \u00e1nimo nos impulsan, m\u00e1s si cabe, a dar lo mejor de nosotros mismos tanto en el c\u00e9sped como en los despachos. Adem\u00e1s, el m\u00e1ximo responsable de la entidad ha tenido unas palabras especiales a los m\u00e1s peque\u00f1os al afirmar que \u201cme quedo, sobre todo, con la ilusi\u00f3n de todos los ni\u00f1os y ni\u00f1as y de los coordinadores y entrenadores que componen nuestra academia\u201d, a los que calific\u00f3 como \u201cun extraordinario patrimonio que ya atesora el club\u201d.<\/p> ","protected":false},"excerpt":{"rendered":"<p>El presidente del CF Benidorm muestra su alegr\u00eda por la respuesta de la afici\u00f3n en la vuelta del club al Guillermo Amor<\/p>\n","protected":false},"author":0,"featured_media":1519,"comment_status":"open","ping_status":"open","sticky":false,"template":"","format":"standard","meta":{"_acf_changed":false,"footnotes":""},"categories":[16],"tags":[],"class_list":["post-1518","post","type-post","status-publish","format-standard","has-post-thumbnail","hentry","category-deportes"],"acf":{"ser_id":"BKKHHN3HMVCRJBALYGN5WVYBTA","ser_url":"https:\/\/cadenaser.com\/comunitat-valenciana\/2024\/01\/18\/jordi-bruixola-me-quedo-con-la-ilusion-de-los-ninos-y-ninas-de-la-academia-radio-benidorm\/"},"_links":{"self":[{"href":"https:\/\/serbenidorm.daliisolutions.com\/index.php\/wp-json\/wp\/v2\/posts\/1518","targetHints":{"allow":["GET"]}}],"collection":[{"href":"https:\/\/serbenidorm.daliisolutions.com\/index.php\/wp-json\/wp\/v2\/posts"}],"about":[{"href":"https:\/\/serbenidorm.daliisolutions.com\/index.php\/wp-json\/wp\/v2\/types\/post"}],"replies":[{"embeddable":true,"href":"https:\/\/serbenidorm.daliisolutions.com\/index.php\/wp-json\/wp\/v2\/comments?post=1518"}],"version-history":[{"count":0,"href":"https:\/\/serbenidorm.daliisolutions.com\/index.php\/wp-json\/wp\/v2\/posts\/1518\/revisions"}],"wp:featuredmedia":[{"embeddable":true,"href":"https:\/\/serbenidorm.daliisolutions.com\/index.php\/wp-json\/wp\/v2\/media\/1519"}],"wp:attachment":[{"href":"https:\/\/serbenidorm.daliisolutions.com\/index.php\/wp-json\/wp\/v2\/media?parent=1518"}],"wp:term":[{"taxonomy":"category","embeddable":true,"href":"https:\/\/serbenidorm.daliisolutions.com\/index.php\/wp-json\/wp\/v2\/categories?post=1518"},{"taxonomy":"post_tag","embeddable":true,"href":"https:\/\/serbenidorm.daliisolutions.com\/index.php\/wp-json\/wp\/v2\/tags?post=1518"}],"curies":[{"name":"wp","href":"https:\/\/api.w.org\/{rel}","templated":true}]}}