{"id":15199,"date":"2025-05-20T08:58:08","date_gmt":"2025-05-20T06:58:08","guid":{"rendered":"https:\/\/serbenidorm.daliisolutions.com\/index.php\/2025\/05\/20\/detenido-un-portero-de-discoteca-de-benidorm-reclamado-por-las-autoridades-serbias\/"},"modified":"2025-05-20T08:58:08","modified_gmt":"2025-05-20T06:58:08","slug":"detenido-un-portero-de-discoteca-de-benidorm-reclamado-por-las-autoridades-serbias","status":"publish","type":"post","link":"https:\/\/serbenidorm.daliisolutions.com\/index.php\/2025\/05\/20\/detenido-un-portero-de-discoteca-de-benidorm-reclamado-por-las-autoridades-serbias\/","title":{"rendered":"Detenido un portero de discoteca de Benidorm, reclamado por las autoridades serbias"},"content":{"rendered":"  <p><div data-adtype=\"MLDB\"><\/div><\/p>   <p>Benidorm<\/p>   <p>La Polic\u00eda Local de Benidorm ha detenido a un ciudadano Serbio sobre el que pesaba una Orden de Detenci\u00f3n Internacional por su vinculaci\u00f3n a un entramado criminal.<\/p>   <p>Se tratad de un var\u00f3n de 32 a\u00f1os, con antecedentes policiales en Espa\u00f1a, estaba reclamado por las autoridades de su pa\u00eds por pertenencia a organizaci\u00f3n criminal.<\/p>   <p>Seg\u00fan explica el portavoz del cuerpo, Quique Tortosa, el individuo ya estaba siendo ya investigado por la Polic\u00eda Local de Benidorm por falsificaci\u00f3n de documento p\u00fablico y otros delitos contra la seguridad vial. \u201cCuando fue identificado plenamente pudimos comprobar que las autoridades serbias hab\u00edan dictado contra \u00e9l una orden internacional de detenci\u00f3n como integrante de una organizaci\u00f3n criminal\u201d, relata.<\/p>   <p>El detenido era conocido por trabajar como personal de seguridad en un local de ocio de la zona inglesa de Benidorm. <\/p> ","protected":false},"excerpt":{"rendered":"<p>La Polic\u00eda Local ya lo investigaba por falsificaci\u00f3n y delitos contra la seguridad vial<\/p>\n","protected":false},"author":0,"featured_media":15200,"comment_status":"open","ping_status":"open","sticky":false,"template":"","format":"standard","meta":{"_acf_changed":false,"footnotes":""},"categories":[1],"tags":[],"class_list":["post-15199","post","type-post","status-publish","format-standard","has-post-thumbnail","hentry","category-sin-categoria"],"acf":{"ser_id":"JVKYN3SEWFAF5PGVYGHJYL6L2A","ser_url":"https:\/\/cadenaser.com\/comunitat-valenciana\/2025\/05\/20\/detenido-un-portero-de-discoteca-de-benidorm-reclamado-por-las-autoridades-serbias-radio-benidorm\/"},"_links":{"self":[{"href":"https:\/\/serbenidorm.daliisolutions.com\/index.php\/wp-json\/wp\/v2\/posts\/15199","targetHints":{"allow":["GET"]}}],"collection":[{"href":"https:\/\/serbenidorm.daliisolutions.com\/index.php\/wp-json\/wp\/v2\/posts"}],"about":[{"href":"https:\/\/serbenidorm.daliisolutions.com\/index.php\/wp-json\/wp\/v2\/types\/post"}],"replies":[{"embeddable":true,"href":"https:\/\/serbenidorm.daliisolutions.com\/index.php\/wp-json\/wp\/v2\/comments?post=15199"}],"version-history":[{"count":0,"href":"https:\/\/serbenidorm.daliisolutions.com\/index.php\/wp-json\/wp\/v2\/posts\/15199\/revisions"}],"wp:featuredmedia":[{"embeddable":true,"href":"https:\/\/serbenidorm.daliisolutions.com\/index.php\/wp-json\/wp\/v2\/media\/15200"}],"wp:attachment":[{"href":"https:\/\/serbenidorm.daliisolutions.com\/index.php\/wp-json\/wp\/v2\/media?parent=15199"}],"wp:term":[{"taxonomy":"category","embeddable":true,"href":"https:\/\/serbenidorm.daliisolutions.com\/index.php\/wp-json\/wp\/v2\/categories?post=15199"},{"taxonomy":"post_tag","embeddable":true,"href":"https:\/\/serbenidorm.daliisolutions.com\/index.php\/wp-json\/wp\/v2\/tags?post=15199"}],"curies":[{"name":"wp","href":"https:\/\/api.w.org\/{rel}","templated":true}]}}