{"id":15203,"date":"2025-05-20T10:42:41","date_gmt":"2025-05-20T08:42:41","guid":{"rendered":"https:\/\/serbenidorm.daliisolutions.com\/index.php\/2025\/05\/20\/96-342-80-00-el-telefono-de-emergencias-de-la-generalitat-112-habilita-un-numero-alternativo-por-una-averia-en-la-red-telefonica-nacional\/"},"modified":"2025-05-20T10:42:41","modified_gmt":"2025-05-20T08:42:41","slug":"96-342-80-00-el-telefono-de-emergencias-de-la-generalitat-112-habilita-un-numero-alternativo-por-una-averia-en-la-red-telefonica-nacional","status":"publish","type":"post","link":"https:\/\/serbenidorm.daliisolutions.com\/index.php\/2025\/05\/20\/96-342-80-00-el-telefono-de-emergencias-de-la-generalitat-112-habilita-un-numero-alternativo-por-una-averia-en-la-red-telefonica-nacional\/","title":{"rendered":"96 342 80 00: El tel\u00e9fono de emergencias de la Generalitat 112 habilita un n\u00famero alternativo por una aver\u00eda en la red telef\u00f3nica nacional"},"content":{"rendered":"  <p><div data-adtype=\"MLDB\"><\/div><\/p>   <p>Valencia<\/p>   <p>La Generalitat ha habilitado el n\u00famero 963.428.000 como tel\u00e9fono alternativo al servicio 112 de Emergencias debido a incidencias en la red nacional de comunicaciones.<\/p>   <p>Emergencias ha informado de este incidente a las 8:18 horas de este martes. Las incidencias en la red nacional de comunicaciones son ajenas a 112 Comunitat Valenciana, seg\u00fan informa en redes sociales.<\/p>   <p><p>M\u00e1s informaci\u00f3n<\/p><ul><li><a href=\"https:\/\/cadenaser.com\/nacional\/2025\/05\/20\/una-incidencia-en-la-red-de-telefonica-afecta-a-telefonos-fijos-de-emergencia-en-varias-zonas-de-espana-cadena-ser\/\"><span>Una incidencia en la red de Telef\u00f3nica afecta a tel\u00e9fonos fijos de emergencia y empresas en varias zonas de Espa\u00f1a<\/span><\/a><\/li><\/ul><\/p>   <p>Como estamos informando en la Cadena SER las incidencias afectan a muchos tel\u00e9fonos fijos mientras que otros funcionan con normalidad.<\/p>   <p>Seg\u00fan ha informado telef\u00f3nica la raz\u00f3n de los problemas hay que buscarla en una actualizaci\u00f3n del sistema. Afecta b\u00e1sicamente a tel\u00e9fonos de empresas y trabajan ya en su resoluci\u00f3n.<\/p>   <p><i>Sigue toda la \u00faltima hora en el canal de Whatsapp de Radio Valencia:<\/i><a href=\"https:\/\/eur01.safelinks.protection.outlook.com\/?url=https%3A%2F%2Fwhatsapp.com%2Fchannel%2F0029VaHjyqSFHWq2Q3iHB33R&amp;data=05%7C02%7CADuran%40prisaradio.com%7C02ea95022c714975f8a308dc815e6812%7Cc4fd49f3e15a44d882e2c909735d2e45%7C0%7C0%7C638527489700967202%7CUnknown%7CTWFpbGZsb3d8eyJWIjoiMC4wLjAwMDAiLCJQIjoiV2luMzIiLCJBTiI6Ik1haWwiLCJXVCI6Mn0%3D%7C0%7C%7C%7C&amp;sdata=bDP1arXEhYFoHtvYLOEppFDnR6On2zoB2LqKP8VJn%2Fo%3D&amp;reserved=0\" target=\"_blank\" rel=\"nofollow\" title=\"Direcci\u00f3n URL original: https:\/\/whatsapp.com\/channel\/0029VaHjyqSFHWq2Q3iHB33R. Haga clic o pulse si conf\u00eda en este v\u00ednculo.\"><i>haz clic aqu\u00ed y suscr\u00edbete<\/i><\/a><i>para recibir toda la informaci\u00f3n y la actualidad del d\u00eda en tu m\u00f3vil.<\/i><\/p> ","protected":false},"excerpt":{"rendered":"<p>El 112 ya funciona pero se mantiene el n\u00famero alternativo habilitado <\/p>\n","protected":false},"author":0,"featured_media":15204,"comment_status":"open","ping_status":"open","sticky":false,"template":"","format":"standard","meta":{"_acf_changed":false,"footnotes":""},"categories":[1],"tags":[],"class_list":["post-15203","post","type-post","status-publish","format-standard","has-post-thumbnail","hentry","category-sin-categoria"],"acf":{"ser_id":"LCQVE74TSBEPVKMPBNJ7RQCVIM","ser_url":"https:\/\/cadenaser.com\/comunitat-valenciana\/2025\/05\/20\/96-342-80-00-el-telefono-de-emergencias-de-la-generalitat-112-habilita-un-numero-alternativo-por-una-averia-en-la-red-telefonica-nacional-radio-valencia\/"},"_links":{"self":[{"href":"https:\/\/serbenidorm.daliisolutions.com\/index.php\/wp-json\/wp\/v2\/posts\/15203","targetHints":{"allow":["GET"]}}],"collection":[{"href":"https:\/\/serbenidorm.daliisolutions.com\/index.php\/wp-json\/wp\/v2\/posts"}],"about":[{"href":"https:\/\/serbenidorm.daliisolutions.com\/index.php\/wp-json\/wp\/v2\/types\/post"}],"replies":[{"embeddable":true,"href":"https:\/\/serbenidorm.daliisolutions.com\/index.php\/wp-json\/wp\/v2\/comments?post=15203"}],"version-history":[{"count":0,"href":"https:\/\/serbenidorm.daliisolutions.com\/index.php\/wp-json\/wp\/v2\/posts\/15203\/revisions"}],"wp:featuredmedia":[{"embeddable":true,"href":"https:\/\/serbenidorm.daliisolutions.com\/index.php\/wp-json\/wp\/v2\/media\/15204"}],"wp:attachment":[{"href":"https:\/\/serbenidorm.daliisolutions.com\/index.php\/wp-json\/wp\/v2\/media?parent=15203"}],"wp:term":[{"taxonomy":"category","embeddable":true,"href":"https:\/\/serbenidorm.daliisolutions.com\/index.php\/wp-json\/wp\/v2\/categories?post=15203"},{"taxonomy":"post_tag","embeddable":true,"href":"https:\/\/serbenidorm.daliisolutions.com\/index.php\/wp-json\/wp\/v2\/tags?post=15203"}],"curies":[{"name":"wp","href":"https:\/\/api.w.org\/{rel}","templated":true}]}}