{"id":15209,"date":"2025-05-20T16:58:36","date_gmt":"2025-05-20T14:58:36","guid":{"rendered":"https:\/\/serbenidorm.daliisolutions.com\/index.php\/2025\/05\/20\/benidorm-aprueba-ayudas-por-56-000-euros-para-emprendedores-y-asociaciones-empresariales\/"},"modified":"2025-05-20T16:58:36","modified_gmt":"2025-05-20T14:58:36","slug":"benidorm-aprueba-ayudas-por-56-000-euros-para-emprendedores-y-asociaciones-empresariales","status":"publish","type":"post","link":"https:\/\/serbenidorm.daliisolutions.com\/index.php\/2025\/05\/20\/benidorm-aprueba-ayudas-por-56-000-euros-para-emprendedores-y-asociaciones-empresariales\/","title":{"rendered":"Benidorm aprueba ayudas por 56.000 euros para emprendedores y asociaciones empresariales"},"content":{"rendered":"  <p><div data-adtype=\"MLDB\"><\/div><\/p>   <p>Benidorm<\/p>   <p>La concejal\u00eda de Empleo de Benidorm va a lanzar una nueva convocatoria de ayudas destinadas a emprendedores o asociaciones empresariales de la ciudad a fin fomentar la contrataci\u00f3n de personal. La Junta de Gobierno Local ha aprobado destinar una partida de 56.000 euros a esta l\u00ednea de subvenciones.<\/p>   <p>Cada solicitante podr\u00e1 optar a una ayuda m\u00e1xima de 8.000 euros que podr\u00e1 destinar a sufragar los gastos del personal administrativo que tenga contratado o los gastos de funcionamiento de entidades empresariales sin \u00e1nimo de lucro. Para ello, es preciso disponer en la ciudad de un establecimiento o local estable, activo y abierto al p\u00fablico con horario de atenci\u00f3n y que realicen de actividades de apoyo a emprendedores y empresas de la ciudad.<\/p>   <p>La edil de Empleo y Desarrollo Local, M\u00f3nica G\u00f3mez, ha indicado que el objetivo de las ayudas es \u201ccontribuir a que las entidades empresariales mantengan su plantilla, fundamentalmente personal administrativo, y puedan as\u00ed seguir prestando los servicios de apoyo a las empresas que desarrollan su actividad en Benidorm o a quienes se lanzan a la creaci\u00f3n de una nueva empresa\u201d.<\/p>   <p>La presentaci\u00f3n de solicitudes deber\u00e1 tramitarse de manera telem\u00e1tica, a trav\u00e9s de la Sede Electr\u00f3nica (<a href=\"https:\/\/sede.benidorm.org\/\" target=\"_blank\" rel=\"nofollow\" title=\"https:\/\/sede.benidorm.org\/\">https:\/\/sede.benidorm.org<\/a>), cuyo plazo comenzar\u00e1 a partir del d\u00eda despu\u00e9s que se publiquen las bases en el BOP y hasta el 31 de octubre de 2025. <\/p> ","protected":false},"excerpt":{"rendered":"<p>Cada beneficiario podr\u00e1 optar a un m\u00e1ximo de 8.000 euros para gastos de contrataci\u00f3n<\/p>\n","protected":false},"author":0,"featured_media":15210,"comment_status":"open","ping_status":"open","sticky":false,"template":"","format":"standard","meta":{"_acf_changed":false,"footnotes":""},"categories":[1],"tags":[],"class_list":["post-15209","post","type-post","status-publish","format-standard","has-post-thumbnail","hentry","category-sin-categoria"],"acf":{"ser_id":"IJOR7NYNAVG45JRTLGEICJIDMQ","ser_url":"https:\/\/cadenaser.com\/comunitat-valenciana\/2025\/05\/20\/benidorm-aprueba-ayudas-por-56000-euros-para-emprendedores-y-asociaciones-empresariales-radio-benidorm\/"},"_links":{"self":[{"href":"https:\/\/serbenidorm.daliisolutions.com\/index.php\/wp-json\/wp\/v2\/posts\/15209","targetHints":{"allow":["GET"]}}],"collection":[{"href":"https:\/\/serbenidorm.daliisolutions.com\/index.php\/wp-json\/wp\/v2\/posts"}],"about":[{"href":"https:\/\/serbenidorm.daliisolutions.com\/index.php\/wp-json\/wp\/v2\/types\/post"}],"replies":[{"embeddable":true,"href":"https:\/\/serbenidorm.daliisolutions.com\/index.php\/wp-json\/wp\/v2\/comments?post=15209"}],"version-history":[{"count":0,"href":"https:\/\/serbenidorm.daliisolutions.com\/index.php\/wp-json\/wp\/v2\/posts\/15209\/revisions"}],"wp:featuredmedia":[{"embeddable":true,"href":"https:\/\/serbenidorm.daliisolutions.com\/index.php\/wp-json\/wp\/v2\/media\/15210"}],"wp:attachment":[{"href":"https:\/\/serbenidorm.daliisolutions.com\/index.php\/wp-json\/wp\/v2\/media?parent=15209"}],"wp:term":[{"taxonomy":"category","embeddable":true,"href":"https:\/\/serbenidorm.daliisolutions.com\/index.php\/wp-json\/wp\/v2\/categories?post=15209"},{"taxonomy":"post_tag","embeddable":true,"href":"https:\/\/serbenidorm.daliisolutions.com\/index.php\/wp-json\/wp\/v2\/tags?post=15209"}],"curies":[{"name":"wp","href":"https:\/\/api.w.org\/{rel}","templated":true}]}}