{"id":15234,"date":"2025-05-21T14:50:37","date_gmt":"2025-05-21T12:50:37","guid":{"rendered":"https:\/\/serbenidorm.daliisolutions.com\/index.php\/2025\/05\/21\/ana-marzoa-es-un-regalo-trabajar-con-pepe-sacristan-en-esta-obra-sobre-el-paso-del-tiempo\/"},"modified":"2025-05-21T14:50:37","modified_gmt":"2025-05-21T12:50:37","slug":"ana-marzoa-es-un-regalo-trabajar-con-pepe-sacristan-en-esta-obra-sobre-el-paso-del-tiempo","status":"publish","type":"post","link":"https:\/\/serbenidorm.daliisolutions.com\/index.php\/2025\/05\/21\/ana-marzoa-es-un-regalo-trabajar-con-pepe-sacristan-en-esta-obra-sobre-el-paso-del-tiempo\/","title":{"rendered":"Ana Marzoa: \u00abEs un regalo trabajar con Pepe Sacrist\u00e1n en esta obra sobre el paso del tiempo\u00bb"},"content":{"rendered":"  <p><div data-adtype=\"MLDB\"><\/div><\/p>   <p>La Nuc\u00eda<\/p>   <p>La actriz Ana Marzoa ha considerado \u00abun autentico regalo\u00bb poder trabajar con Jos\u00e9 Sacrist\u00e1n en la obra de teatro \u00abLa Colecci\u00f3n\u00bb que llega al Auditori de La Nuc\u00eda este pr\u00f3ximo s\u00e1bado 24 de mayo. <\/p>   <p>En <a href=\"https:\/\/radiobenidorm.es\" target=\"_blank\" rel=\"nofollow\" title=\"https:\/\/radiobenidorm.es\">Hoy por Hoy Benidorm<\/a> Marzoa ha explicado que no hab\u00eda podido compartir escenario anteriormente con Sacrist\u00e1n del que ha alabado \u00absu prodigiosa memoria y su capacidad de trabajo\u00bb y ha asegurado que est\u00e1 disfrutando la oportunidad que le ha dado el autor Juan Mayorga de escenificar esta historia. <\/p>   <p>La obra de teatro \u201cLa Colecci\u00f3n\u201d es un nuevo texto de Juan Mayorga, autor reconocido y premiado que tambi\u00e9n dirige este montaje teatral. <\/p>   <p>Est\u00e1 interpretada adem\u00e1s de por Jos\u00e9 Sacrist\u00e1n, por los int\u00e9rpretes, Ana Marzoa, Zaira Montes e Ignacio Jim\u00e9nez. Se trata de una obra de teatro de suspense, con toques de comedia y de thriller. <\/p>   <p>Seg\u00fan relata Marzoa, en este montaje teatral \u00abnos encontraremos a un matrimonio sin hijos, que a lo largo de su vida han reunido \u201cuna colecci\u00f3n\u201d, por la que sacrificaron todo lo dem\u00e1s y tienen que ver a qui\u00e9n le dejan ese legado\u00bb.<\/p>   <p>Se trata de una obra sobre el matrimonio, sobre el paso del tiempo y sobre la misteriosa relaci\u00f3n entre las personas y los objetos.<\/p>   <p>Las entradas para la obra de teatro \u201cLa Colecci\u00f3n\u201d se pueden adquirir en las taquillas de l\u2019Auditori o a trav\u00e9s del portal de entradas instanticket: https:\/\/lanucia.instanticket.es\/espectaculo\/la-coleccion&#8211;josesacristan\/JOSESAC <\/p>   <p>Tiene un precio de 24 euros y de 19 euros para estudiantes, jubilados, pensionistas, Carnet Jove y menores de 16 a\u00f1os.<\/p> ","protected":false},"excerpt":{"rendered":"<p>La Colecci\u00f3n llega al Auditori de La Nuc\u00eda el 24 de mayo<\/p>\n","protected":false},"author":0,"featured_media":15235,"comment_status":"open","ping_status":"open","sticky":false,"template":"","format":"standard","meta":{"_acf_changed":false,"footnotes":""},"categories":[1],"tags":[],"class_list":["post-15234","post","type-post","status-publish","format-standard","has-post-thumbnail","hentry","category-sin-categoria"],"acf":{"ser_id":"46P3WFCPSVFX7GNDDG2Z652ZZE","ser_url":"https:\/\/cadenaser.com\/comunitat-valenciana\/2025\/05\/21\/ana-marzoa-es-un-regalo-trabajar-con-pepe-sacristan-en-esta-obra-sobre-el-paso-del-tiempo-radio-benidorm\/"},"_links":{"self":[{"href":"https:\/\/serbenidorm.daliisolutions.com\/index.php\/wp-json\/wp\/v2\/posts\/15234","targetHints":{"allow":["GET"]}}],"collection":[{"href":"https:\/\/serbenidorm.daliisolutions.com\/index.php\/wp-json\/wp\/v2\/posts"}],"about":[{"href":"https:\/\/serbenidorm.daliisolutions.com\/index.php\/wp-json\/wp\/v2\/types\/post"}],"replies":[{"embeddable":true,"href":"https:\/\/serbenidorm.daliisolutions.com\/index.php\/wp-json\/wp\/v2\/comments?post=15234"}],"version-history":[{"count":0,"href":"https:\/\/serbenidorm.daliisolutions.com\/index.php\/wp-json\/wp\/v2\/posts\/15234\/revisions"}],"wp:featuredmedia":[{"embeddable":true,"href":"https:\/\/serbenidorm.daliisolutions.com\/index.php\/wp-json\/wp\/v2\/media\/15235"}],"wp:attachment":[{"href":"https:\/\/serbenidorm.daliisolutions.com\/index.php\/wp-json\/wp\/v2\/media?parent=15234"}],"wp:term":[{"taxonomy":"category","embeddable":true,"href":"https:\/\/serbenidorm.daliisolutions.com\/index.php\/wp-json\/wp\/v2\/categories?post=15234"},{"taxonomy":"post_tag","embeddable":true,"href":"https:\/\/serbenidorm.daliisolutions.com\/index.php\/wp-json\/wp\/v2\/tags?post=15234"}],"curies":[{"name":"wp","href":"https:\/\/api.w.org\/{rel}","templated":true}]}}