{"id":15236,"date":"2025-05-21T14:50:38","date_gmt":"2025-05-21T12:50:38","guid":{"rendered":"https:\/\/serbenidorm.daliisolutions.com\/index.php\/2025\/05\/21\/la-criminalidad-baja-en-benidorm-un-212-en-el-primer-trimestre-del-ano\/"},"modified":"2025-05-21T14:50:38","modified_gmt":"2025-05-21T12:50:38","slug":"la-criminalidad-baja-en-benidorm-un-212-en-el-primer-trimestre-del-ano","status":"publish","type":"post","link":"https:\/\/serbenidorm.daliisolutions.com\/index.php\/2025\/05\/21\/la-criminalidad-baja-en-benidorm-un-212-en-el-primer-trimestre-del-ano\/","title":{"rendered":"La criminalidad baja en Benidorm un 21,2% en el primer trimestre del a\u00f1o"},"content":{"rendered":"  <p><div data-adtype=\"MLDB\"><\/div><\/p>   <p>Benidorm<\/p>   <p>La criminalidad ha descendido en el conjunto de la provincia de Alicante un 0,5% en el primes trimestre del a\u00f1o con respecto al mismo periodo del 2024 seg\u00fan el \u00faltimo balance estad\u00edstico del Ministerio del interior, que tambi\u00e9n concreta las cifras de delincuencia para los municipios de m\u00e1s de 20.000 habitantes.<\/p>   <p>En el caso de la Marina Baixa estas localidades son Benidorm, La Vila Joiosa, Altea y l&#8217;Alf\u00e0s del Pi, y en tres de las cuatro ha ca\u00eddo el n\u00famero de infracciones penales registradas entre enero y marzo del 2025. <a href=\"https:\/\/cadenaser.com\/tag\/comarca_la_marina_baixa\/a\/\" target=\"_blank\" rel=\"nofollow\" title=\"https:\/\/cadenaser.com\/tag\/comarca_la_marina_baixa\/a\/\">Solo la villa blanca experimenta en aumento tras varios informes a la baja y lo hace en un 5,9%<\/a>; dato debido en gran medida al aumento de los delitos contra la libertad sexual, que pasaron de uno a seis. <\/p>  <p><p>M\u00e1s informaci\u00f3n<\/p><figure><img loading=\"lazy\" decoding=\"async\" src=\"https:\/\/cadenaser.com\/resizer\/v2\/IQOD6MISDFC3ZDYA2574PZEW6Q.jpeg?auth=67e62b4bd795adda59eab4e7a14bd71f089807ad9634051408663593e0e250d0&amp;quality=70&amp;width=360&amp;height=202&amp;smart=true\" width=\"820\" height=\"621\" \/><\/figure><ul><li><a href=\"https:\/\/cadenaser.com\/comunitat-valenciana\/2025\/05\/20\/detenido-un-portero-de-discoteca-de-benidorm-reclamado-por-las-autoridades-serbias-radio-benidorm\/\"><span>Detenido un portero de discoteca de Benidorm, reclamado por las autoridades serbias<\/span><\/a><\/li><\/ul><\/p>   <p>Las ca\u00eddas de la criminalidad m\u00e1s notables han sido en La Vila Joiosa (-24,3%). En este municipio destaca el descenso de robos con fuerza en domicilios, establecimientos y otras instalaciones, que han pasado de 45 a 24 en un a\u00f1o. El total de infracciones notificadas en La Vila asciende a 567 durante este periodo.<\/p>   <p>Tambi\u00e9n significativa es la reducci\u00f3n de la delincuencia en Benidorm, donde Interior recoge una bajada del 21,2% que tambi\u00e9n se explica en gran medida por<b> <\/b>la ca\u00edda de los robos con fuerza en domicilios, que evolucionan de 34 a nueve, un 73,5% menos. De enero a marzo se produjeron en la ciudad 1.271 infracciones penales.<\/p>   <p>En l&#8217;Alf\u00e0s del Pi la bajada de la delincuencia es m\u00e1s t\u00edmida, un 3,6%, y resalta c\u00f3mo las sustracciones de veh\u00edculos han pasado de nueve a cero, ning\u00fan robo de coche o moto, en solo un a\u00f1o. Las estad\u00edsticas del gobierno computan indicadores provenientes de la Polic\u00eda Nacional, Guardia Civil, Polic\u00edas Auton\u00f3micas y Polic\u00edas Locales que proporcionan datos al Sistema Estad\u00edstico de Criminalidad.<\/p> ","protected":false},"excerpt":{"rendered":"<p>En La Vila Joiosa el n\u00famero total de delitos se ha reducido un 24,3%<\/p>\n","protected":false},"author":0,"featured_media":15237,"comment_status":"open","ping_status":"open","sticky":false,"template":"","format":"standard","meta":{"_acf_changed":false,"footnotes":""},"categories":[1],"tags":[],"class_list":["post-15236","post","type-post","status-publish","format-standard","has-post-thumbnail","hentry","category-sin-categoria"],"acf":{"ser_id":"WKDLBQUGL5ALVFHQLYMKAC54BI","ser_url":"https:\/\/cadenaser.com\/comunitat-valenciana\/2025\/05\/21\/la-criminalidad-baja-en-benidorm-un-212-en-el-primer-trimestre-del-ano-radio-benidorm\/"},"_links":{"self":[{"href":"https:\/\/serbenidorm.daliisolutions.com\/index.php\/wp-json\/wp\/v2\/posts\/15236","targetHints":{"allow":["GET"]}}],"collection":[{"href":"https:\/\/serbenidorm.daliisolutions.com\/index.php\/wp-json\/wp\/v2\/posts"}],"about":[{"href":"https:\/\/serbenidorm.daliisolutions.com\/index.php\/wp-json\/wp\/v2\/types\/post"}],"replies":[{"embeddable":true,"href":"https:\/\/serbenidorm.daliisolutions.com\/index.php\/wp-json\/wp\/v2\/comments?post=15236"}],"version-history":[{"count":0,"href":"https:\/\/serbenidorm.daliisolutions.com\/index.php\/wp-json\/wp\/v2\/posts\/15236\/revisions"}],"wp:featuredmedia":[{"embeddable":true,"href":"https:\/\/serbenidorm.daliisolutions.com\/index.php\/wp-json\/wp\/v2\/media\/15237"}],"wp:attachment":[{"href":"https:\/\/serbenidorm.daliisolutions.com\/index.php\/wp-json\/wp\/v2\/media?parent=15236"}],"wp:term":[{"taxonomy":"category","embeddable":true,"href":"https:\/\/serbenidorm.daliisolutions.com\/index.php\/wp-json\/wp\/v2\/categories?post=15236"},{"taxonomy":"post_tag","embeddable":true,"href":"https:\/\/serbenidorm.daliisolutions.com\/index.php\/wp-json\/wp\/v2\/tags?post=15236"}],"curies":[{"name":"wp","href":"https:\/\/api.w.org\/{rel}","templated":true}]}}