{"id":1524,"date":"2024-01-18T14:29:27","date_gmt":"2024-01-18T13:29:27","guid":{"rendered":"https:\/\/serbenidorm.daliisolutions.com\/index.php\/2024\/01\/18\/el-benidorm-fest-2024-ya-es-una-realidad-rtve-generalitat-valenciana-y-la-ciudad-firman-el-convenio-para-la-celebracion-del-festival\/"},"modified":"2024-01-18T14:29:27","modified_gmt":"2024-01-18T13:29:27","slug":"el-benidorm-fest-2024-ya-es-una-realidad-rtve-generalitat-valenciana-y-la-ciudad-firman-el-convenio-para-la-celebracion-del-festival","status":"publish","type":"post","link":"https:\/\/serbenidorm.daliisolutions.com\/index.php\/2024\/01\/18\/el-benidorm-fest-2024-ya-es-una-realidad-rtve-generalitat-valenciana-y-la-ciudad-firman-el-convenio-para-la-celebracion-del-festival\/","title":{"rendered":"El Benidorm Fest 2024 ya es una realidad: RTVE, Generalitat Valenciana y la ciudad firman el convenio para la celebraci\u00f3n del festival"},"content":{"rendered":"  <p>Benidorm<\/p>   <p>Se lleva calentando el ambiente desde el pasado verano y ya es una realidad: arranca la carrera hacia el Benidorm Fest 2024, el festival celebrado en la ciudad alicantina que escoger\u00e1 al pr\u00f3ximo representante espa\u00f1ol en Eurovisi\u00f3n, celebrado este a\u00f1o en Malm\u00f6 (Suecia).<\/p>   <p><p>M\u00e1s informaci\u00f3n<\/p><ul><li><a href=\"https:\/\/cadenaser.com\/nacional\/2024\/01\/15\/estos-son-los-primeros-favoritos-y-favoritas-para-ganar-el-benidorm-fest-2024-y-representar-a-espana-en-eurovision-cadena-ser\/\">Estos son los primeros favoritos y favoritas para ganar el Benidorm Fest 2024 y representar a Espa\u00f1a en Eurovisi\u00f3n<\/a><\/li><li><a href=\"https:\/\/cadenaser.com\/nacional\/2024\/01\/12\/hablaron-con-los-responsables-nadie-hizo-nada-y-me-tuve-que-ir-chanel-confiesa-el-duro-episodio-que-le-hizo-encontrar-su-camino-cadena-ser\/\">\u00abHablaron con los responsables, nadie hizo nada y me tuve que ir\u00bb: Chanel se\u00f1ala a quienes rompieron su infancia en Espa\u00f1a<\/a><\/li><\/ul><\/p>   <p>Este jueves, en la misma ciudad que acoger\u00e1 el certamen entre los d\u00edas 30 de enero, 1 y 3 de febrero, RTVE, Generalitat Valenciana y el Ayuntamiento de Benidorm han firmado el convenio para hacer posible la celebraci\u00f3n del festival y la elecci\u00f3n del sucesor de Blanca Paloma.<\/p>   <p>Con una temperatura impropia de invierno y a primera l\u00ednea de playa, el Balc\u00f3n del Mediterr\u00e1neo ha acogido la firma de contratos a la que han asistido la presidenta de RTVE, Elena S\u00e1nchez, la directora de Comunicaci\u00f3n y Participaci\u00f3n del ente p\u00fablico, Mar\u00eda Eizaguirre, el president de la Comunitat Valenciana, Carlos Maz\u00f3n, y el alcalde de Benidorm, Toni P\u00e9rez. Una de las sorpresas del d\u00eda ha sido la asistencia de la presentadora estrella del certamen, Ruth Lorenzo, quien celebra este 2024 el d\u00e9cimo aniversario de su debut en Eurovisi\u00f3n con &#8216;Dancing in the rain&#8217;.<\/p>   <p>\u00abEstamos a menos de dos semanas de la tercera edici\u00f3n. Es una historia de \u00e9xito, del v\u00ednculo institucional entre GVA, Benidorm y RTVE para impulsar a la m\u00fasica dentro y fuera de Espa\u00f1a. Quiero agradecer el apoy y la confianza para que llevemos a cabo esta maravilla de festival que se ha convertido en un hito. Lo demuestra que se agotaran las entradas en nueve minutos\u00bb, ha apuntado la presidenta de la Corporaci\u00f3n. <\/p>   <p>El president de la Generalitat Valenciana, Carlos Maz\u00f3n, ha destacado que Benidorm es \u00abla cuna de la industria de la felicidad\u00bb y por ello \u00abte ilumina la cara\u00bb. \u00abDespu\u00e9s de una apasionante ma\u00f1ana analizando fondos europeos y auditorias, llego a Benidorm y se me ilumina la cara\u00bb, ha bromeado.<\/p>   <p>\u00abHace 3 a\u00f1os me llam\u00f3 mi casa para amadrinar el Benidorm Fest y me encanta c\u00f3mo las palabras no se las ha llevado el viento y se han convertido en acciones. Como artista quiero agradecer el esfuerzo que se hace para que haya calidad visual y de sonido. Y este a\u00f1o que se cumplen 10 a\u00f1os de mi paso por Eurovisi\u00f3n es muy especial para m\u00ed\u00bb, ha se\u00f1alado Lorenzo, muy ilusionada, quien ha querido confesar adem\u00e1s que se pens\u00f3 el participar en el Benidorm Fest como concursante. <\/p>  <p><figure><img decoding=\"async\" src=\"https:\/\/cadenaser.com\/resizer\/r1mbwa70Wejzs4NvLUS0u0OtBQA=\/650x488\/filters:quality(70)\/cloudfront-eu-central-1.images.arcpublishing.com\/prisaradio\/XWFUQCB2XVBBLKUBGCGO2IH4M4.jpg\" loading=\"lazy\" width=\"650\" height=\"488\" \/><figcaption class=\"fc\"><p><span>Ruth Lorenzo en la firma del convenio del Benidorm Fest 2024 \/ Cadena SER<\/span><\/p><\/figcaption><\/figure><button>Ampliar<\/button><\/p>   <p>Benidorm Fest 2024: los favoritos<\/p>   <p>Tal y como nos tiene acostumbrados, el Benidorm Fest es una aut\u00e9ntica caja de sorpresas y es dif\u00edcil prever qui\u00e9n ser\u00e1 nuestro pr\u00f3ximo representante en Eurovisi\u00f3n 2024, pero lo que s\u00ed es cierto es que hay algunas candidaturas que han sido bautizadas como las favoritas por el p\u00fablico eurofan.<\/p>   <p>Nebulossa es uno de los grupos revelaci\u00f3n que la mayor\u00eda comenz\u00f3 a conocer en la presentaci\u00f3n de candidatos en Sevilla y que su canci\u00f3n, &#8216;Zorra&#8217;, se ha convertido en la m\u00e1s escuchada de los 16 participantes, un alegato feminista para darle la vuelta al significado peyorativo del t\u00e9rmino cuando va dirigido a una mujer.<\/p>   <p>Alm\u00e1cor es otro de los concursantes preferidos por el p\u00fablico. Su &#8216;Brillos platino&#8217; es una canci\u00f3n que, sin saber si triunfar\u00e1 en unos d\u00edas en Benidorm, no dejar\u00e1 de sonar en fiestas y la radio.<\/p>   <p>Las de Sofia Coll, Marlena, Mar\u00eda Pel\u00e1e o St. Pedro son tambi\u00e9n algunas de las canciones m\u00e1s reproducidas y queridas en las primeras impresiones antes de valorar en conjunto el tema con la puesta en escena y la voz en directo.<\/p>  <p><figure><img decoding=\"async\" src=\"https:\/\/cadenaser.com\/resizer\/gtHI45Ba-HHkCq4MJw9KNV5FCb8=\/650x366\/filters:quality(70)\/cloudfront-eu-central-1.images.arcpublishing.com\/prisaradio\/M5BIJHUYERFPXAZHRKBAZRRZ3A.PNG\" loading=\"lazy\" width=\"650\" height=\"366\" \/><figcaption class=\"fc\"><p><span>Representantes del Benidorm Fest 2024.<\/span> \/ <span>RTVE<\/span><\/p><\/figcaption><\/figure><button>Ampliar<\/button><\/p> ","protected":false},"excerpt":{"rendered":"<p>El Balc\u00f3n del Mediterr\u00e1neo ha acogido la firma de contratos con la presencia de la presentadora estrella del certamen, Ruth Lorenzo<\/p>\n","protected":false},"author":0,"featured_media":1525,"comment_status":"open","ping_status":"open","sticky":false,"template":"","format":"standard","meta":{"_acf_changed":false,"footnotes":""},"categories":[1],"tags":[],"class_list":["post-1524","post","type-post","status-publish","format-standard","has-post-thumbnail","hentry","category-sin-categoria"],"acf":{"ser_id":"TDNKE2EP5RG5PEPG4Q2QEZ6GE4","ser_url":"https:\/\/cadenaser.com\/comunitat-valenciana\/2024\/01\/18\/el-benidorm-fest-2024-ya-es-una-realidad-rtve-generalitat-valenciana-y-la-ciudad-firman-el-convenio-para-la-celebracion-del-festival-radio-benidorm\/"},"_links":{"self":[{"href":"https:\/\/serbenidorm.daliisolutions.com\/index.php\/wp-json\/wp\/v2\/posts\/1524","targetHints":{"allow":["GET"]}}],"collection":[{"href":"https:\/\/serbenidorm.daliisolutions.com\/index.php\/wp-json\/wp\/v2\/posts"}],"about":[{"href":"https:\/\/serbenidorm.daliisolutions.com\/index.php\/wp-json\/wp\/v2\/types\/post"}],"replies":[{"embeddable":true,"href":"https:\/\/serbenidorm.daliisolutions.com\/index.php\/wp-json\/wp\/v2\/comments?post=1524"}],"version-history":[{"count":0,"href":"https:\/\/serbenidorm.daliisolutions.com\/index.php\/wp-json\/wp\/v2\/posts\/1524\/revisions"}],"wp:featuredmedia":[{"embeddable":true,"href":"https:\/\/serbenidorm.daliisolutions.com\/index.php\/wp-json\/wp\/v2\/media\/1525"}],"wp:attachment":[{"href":"https:\/\/serbenidorm.daliisolutions.com\/index.php\/wp-json\/wp\/v2\/media?parent=1524"}],"wp:term":[{"taxonomy":"category","embeddable":true,"href":"https:\/\/serbenidorm.daliisolutions.com\/index.php\/wp-json\/wp\/v2\/categories?post=1524"},{"taxonomy":"post_tag","embeddable":true,"href":"https:\/\/serbenidorm.daliisolutions.com\/index.php\/wp-json\/wp\/v2\/tags?post=1524"}],"curies":[{"name":"wp","href":"https:\/\/api.w.org\/{rel}","templated":true}]}}