{"id":15240,"date":"2025-05-21T14:50:42","date_gmt":"2025-05-21T12:50:42","guid":{"rendered":"https:\/\/serbenidorm.daliisolutions.com\/index.php\/2025\/05\/21\/la-vila-joiosa-homenajeara-a-sus-mejores-deportistas-en-la-gala-central-de-la-setmana-de-lesport\/"},"modified":"2025-05-21T14:50:42","modified_gmt":"2025-05-21T12:50:42","slug":"la-vila-joiosa-homenajeara-a-sus-mejores-deportistas-en-la-gala-central-de-la-setmana-de-lesport","status":"publish","type":"post","link":"https:\/\/serbenidorm.daliisolutions.com\/index.php\/2025\/05\/21\/la-vila-joiosa-homenajeara-a-sus-mejores-deportistas-en-la-gala-central-de-la-setmana-de-lesport\/","title":{"rendered":"La Vila Joiosa homenajear\u00e1 a sus mejores deportistas en la gala central de la Setmana de l\u2019Esport"},"content":{"rendered":"  <p><div data-adtype=\"MLDB\"><\/div><\/p>   <p>M\u00e1s de una veintena de deportistas de \u00e9lite ser\u00e1n reconocidos el pr\u00f3ximo d\u00eda 30 de mayo en el gran acto central de la Semana de l\u2019Esport de La Vila Joiosa que desde la v\u00edspera y hasta el d\u00eda 1 de junio reunir\u00e1 diversas actividades e iniciativas centradas en mostrar la mejor cara del deporte local y reconocer el talento de sus representantes.<\/p>   <p>Antes de que esos m\u00e1s de 20 atletas se conviertan en los grandes protagonistas del fin de semana, el d\u00eda 29 de mayo, y a las 19:30 horas, se celebrar\u00e1 la gala solidaria de las escuelas deportivas de adultos, un evento que tendr\u00e1 lugar en la Llar del Pensionista y en la que participar\u00e1 el alumnado de las clases de bailes latinos, zumba y tai chi.<\/p>   <p>Desde la concejal\u00eda de Deportes se ha querido reservar la tarde del viernes, 30 de mayo, para el gran acto central de esos d\u00edas. Ser\u00e1 entonces cuando se celebrar\u00e1 la gala de entrega de los Premis de l\u2019Esport 2024, \u201cun reconocimiento a los 22 deportistas de \u00e9lite locales por su dedicaci\u00f3n, esfuerzo y m\u00e9ritos deportivos\u201d, tal y como ha explicado el concejal de Deportes, Peyo Lloret. <\/p>   <p>A esa gala, que arrancar\u00e1 a las 20:00 horas en el Teatre Auditori, asistir\u00e1n miembros de todos los clubes deportivos del municipio para, como a\u00f1ade Lloret, \u201chomenajear a los grandes deportistas vileros, catalogados como deportistas de \u00e9lite en 2024, con el fin de no s\u00f3lo reconocer su m\u00e9rito y logros deportivos; sino tambi\u00e9n para poner en valor el talento deportivo de La Vila Joiosa y reforzar, as\u00ed el compromiso del Ayuntamiento con la promoci\u00f3n del deporte y el apoyo a los deportistas que est\u00e1n llevando el nombre del municipio en competiciones profesionales a nivel nacional e internacional\u201d. <\/p>   <p>Lloret explica que los Premis de l\u2019Esport 2024 se otorgar\u00e1n a los deportistas de \u00e9lite, tanto de alta competici\u00f3n como de promoci\u00f3n, empadronados en el municipio, que figuran en el registro de la Generalitat Valenciana, a quienes el Ayuntamiento de La Vila Joiosa les otorgar\u00e1 un premio econ\u00f3mico. <\/p>   <p>Los 22 premiados son: Deogracias Campos (nataci\u00f3n art\u00edstica), Paula Mar\u00eda Gonz\u00e1lez, Iona Maria Radulescu (rugby), Isabel Zaragoza, Ignacio Rubbera (baloncesto), Sof\u00eda L\u00f3pez (voleibol), Milana Kurbanova (v\u00f3ley playa), Bahaa Talhaoui Kabil (kickboxing), David P\u00e9rez (gimnasia r\u00edtmica), Clara Sala, Pablo Sala (escalada deportiva), Sara Mengual, Pau S\u00e1nchez, \u00c1ngela S\u00e1nchez, Pablo Planells Soler, Claudia Seva, Andrea Jim\u00e9nez, Mireia P\u00e9rez, Anna Mayor (pirag\u00fcismo), Xavi Vidal Fern\u00e1ndez (ciclismo), Yassine Talhaoui Kabil (taekwondo) y Felipe Orts Lloret (ciclismo).<\/p>   <p>Posteriormente, el domingo 1 de junio, el pabell\u00f3n municipal Maisa Lloret acoger\u00e1 la jornada de clausura de las Escuelas Deportivas Municipales. A partir de las 10:30 horas, los asistentes podr\u00e1n disfrutar de una exhibici\u00f3n de las escuelas de karate, gimnasia r\u00edtmica y taekwondo. Acto seguido, se llevar\u00e1 a cabo la entrega de medallas a los j\u00f3venes deportistas por su participaci\u00f3n durante la temporada y una gran fiesta final con hinchables acu\u00e1ticos, refrescos y un peque\u00f1o \u00e1gape para todos los asistentes.<\/p>   <p>La Setmana de l\u2019Esport finalizar\u00e1 con la Gala Solidaria de las Escuelas de Baile Infantil, que tendr\u00e1 lugar el domingo a las 19:00 horas en el Teatre Auditori. Sobre el escenario actuar\u00e1n los grupos de zumba kids y baile infantil, mostrando el entusiasmo y el talento de los m\u00e1s peque\u00f1os.<\/p>   <p>Peyo Lloret concluye que esta Setmana de l\u2019Esport refleja \u201cel esp\u00edritu activo, solidario y comunitario de La Vila Joiosa y es una muestra del trabajo que se realiza desde la concejal\u00eda de Deportes y sus escuelas municipales para fomentar h\u00e1bitos saludables y valores positivos a trav\u00e9s del deporte\u201d.<\/p> ","protected":false},"excerpt":{"rendered":"<p>M\u00e1s de una veintena de atletas de distintas especialidades ser\u00e1n los protagonistas del acto<\/p>\n","protected":false},"author":0,"featured_media":15241,"comment_status":"open","ping_status":"open","sticky":false,"template":"","format":"standard","meta":{"_acf_changed":false,"footnotes":""},"categories":[16],"tags":[],"class_list":["post-15240","post","type-post","status-publish","format-standard","has-post-thumbnail","hentry","category-deportes"],"acf":{"ser_id":"D4RP2STFCRBZJEKNDGMURUBMWM","ser_url":"https:\/\/cadenaser.com\/comunitat-valenciana\/2025\/05\/21\/la-vila-joiosa-homenajeara-a-sus-mejores-deportistas-en-la-gala-central-de-la-setmana-de-lesport-radio-benidorm\/"},"_links":{"self":[{"href":"https:\/\/serbenidorm.daliisolutions.com\/index.php\/wp-json\/wp\/v2\/posts\/15240","targetHints":{"allow":["GET"]}}],"collection":[{"href":"https:\/\/serbenidorm.daliisolutions.com\/index.php\/wp-json\/wp\/v2\/posts"}],"about":[{"href":"https:\/\/serbenidorm.daliisolutions.com\/index.php\/wp-json\/wp\/v2\/types\/post"}],"replies":[{"embeddable":true,"href":"https:\/\/serbenidorm.daliisolutions.com\/index.php\/wp-json\/wp\/v2\/comments?post=15240"}],"version-history":[{"count":0,"href":"https:\/\/serbenidorm.daliisolutions.com\/index.php\/wp-json\/wp\/v2\/posts\/15240\/revisions"}],"wp:featuredmedia":[{"embeddable":true,"href":"https:\/\/serbenidorm.daliisolutions.com\/index.php\/wp-json\/wp\/v2\/media\/15241"}],"wp:attachment":[{"href":"https:\/\/serbenidorm.daliisolutions.com\/index.php\/wp-json\/wp\/v2\/media?parent=15240"}],"wp:term":[{"taxonomy":"category","embeddable":true,"href":"https:\/\/serbenidorm.daliisolutions.com\/index.php\/wp-json\/wp\/v2\/categories?post=15240"},{"taxonomy":"post_tag","embeddable":true,"href":"https:\/\/serbenidorm.daliisolutions.com\/index.php\/wp-json\/wp\/v2\/tags?post=15240"}],"curies":[{"name":"wp","href":"https:\/\/api.w.org\/{rel}","templated":true}]}}