{"id":15300,"date":"2025-05-22T19:24:56","date_gmt":"2025-05-22T17:24:56","guid":{"rendered":"https:\/\/serbenidorm.daliisolutions.com\/index.php\/2025\/05\/22\/la-policia-cierra-benidorm-a-cal-y-canto-para-evitar-la-fuga-de-delincuentes\/"},"modified":"2025-05-22T19:24:56","modified_gmt":"2025-05-22T17:24:56","slug":"la-policia-cierra-benidorm-a-cal-y-canto-para-evitar-la-fuga-de-delincuentes","status":"publish","type":"post","link":"https:\/\/serbenidorm.daliisolutions.com\/index.php\/2025\/05\/22\/la-policia-cierra-benidorm-a-cal-y-canto-para-evitar-la-fuga-de-delincuentes\/","title":{"rendered":"La Polic\u00eda cierra Benidorm &#8216;a cal y canto&#8217; para evitar la fuga de delincuentes"},"content":{"rendered":"  <p><div data-adtype=\"MLDB\"><\/div><\/p>   <p>Benidorm<\/p>   <p>Agentes de la Polic\u00eda Nacional y Local han desarrollado este jueves un simulacro en Benidorm, denominado &#8216;Operaci\u00f3n Trueno&#8217;, en el que se ha \u00abblindado\u00bb la ciudad tur\u00edstica con la puesta en marcha de un \u201cdispositivo jaula\u201d para impedir la fuga de delincuentes.<\/p>   <p>El portavoz de la Polic\u00eda Local de Benidorm, Quique Tortosa, ha explicado a <a href=\"https:\/\/cadenaser.com\/tag\/benidorm\/a\/\" target=\"_blank\" rel=\"nofollow\" title=\"https:\/\/cadenaser.com\/tag\/benidorm\/a\/\">Radio Benidorm<\/a> que han movilizado a todos los efectivos disponibles en un turno de trabajo para \u00abcerrar el per\u00edmetro de la ciudad\u00bb y ha revelado que ha sido \u00abuna situaci\u00f3n real porque los efectivos que han participado en el dispositivo no ten\u00edan conocimiento de que esto se iba a producir\u00bb, por lo que \u00ablos tiempos de respuesta han sido reales y exactamente los que ten\u00edan que ser\u201d.<\/p>  <p><p>M\u00e1s informaci\u00f3n<\/p><figure><img loading=\"lazy\" decoding=\"async\" src=\"https:\/\/cadenaser.com\/resizer\/v2\/TPB3G4TXM5CAFO7XT2XHFS7DFI.jpg?auth=77b00daa562e13c2c827017d0272253939ef7b510c0c6ca3f97de0c42b612621&amp;quality=70&amp;width=360&amp;height=202&amp;smart=true\" width=\"820\" height=\"621\" \/><\/figure><ul><li><a href=\"https:\/\/cadenaser.com\/comunitat-valenciana\/2025\/05\/21\/la-criminalidad-baja-en-benidorm-un-212-en-el-primer-trimestre-del-ano-radio-benidorm\/\"><span>La criminalidad baja en Benidorm un 21,2% en el primer trimestre del a\u00f1o<\/span><\/a><\/li><\/ul><\/p>   <p>En el operativo se han llevado a cabo, adem\u00e1s del corte de todos los puntos estrat\u00e9gicos de salida y entrada a Benidorm, las instrucciones para el despliegue de contingentes, adem\u00e1s de usarse nombres clave, recurrir a indicativos y efectuar la medici\u00f3n de los tiempos de respuesta.<\/p>   <p>La movilizaci\u00f3n coordinada de los recursos ha sido la clave para que se cumplieran las expectativas de las jefaturas de ambos cuerpos, seg\u00fan fuentes de la Polic\u00eda Nacional.<\/p>   <p>El intendente jefe de la Polic\u00eda Local de Benidorm, Luis Mart\u00edn Ar\u00e9valo, ha calificado el simulacro como \u201cefectivo ante una situaci\u00f3n real\u201d y ha confirmado que \u201clos resultados son excelentes gracias a la coordinaci\u00f3n entre ambos cuerpos\u201d. <\/p> ","protected":false},"excerpt":{"rendered":"<p>Un simulacro denominado &#8216;Operaci\u00f3n Trueno&#8217;<\/p>\n","protected":false},"author":0,"featured_media":15301,"comment_status":"open","ping_status":"open","sticky":false,"template":"","format":"standard","meta":{"_acf_changed":false,"footnotes":""},"categories":[1],"tags":[],"class_list":["post-15300","post","type-post","status-publish","format-standard","has-post-thumbnail","hentry","category-sin-categoria"],"acf":{"ser_id":"QBMHPF7P3RETNGPEGA2NIZZEAM","ser_url":"https:\/\/cadenaser.com\/comunitat-valenciana\/2025\/05\/22\/la-policia-cierra-benidorm-a-cal-y-canto-para-evitar-la-fuga-de-delincuentes-radio-benidorm\/"},"_links":{"self":[{"href":"https:\/\/serbenidorm.daliisolutions.com\/index.php\/wp-json\/wp\/v2\/posts\/15300","targetHints":{"allow":["GET"]}}],"collection":[{"href":"https:\/\/serbenidorm.daliisolutions.com\/index.php\/wp-json\/wp\/v2\/posts"}],"about":[{"href":"https:\/\/serbenidorm.daliisolutions.com\/index.php\/wp-json\/wp\/v2\/types\/post"}],"replies":[{"embeddable":true,"href":"https:\/\/serbenidorm.daliisolutions.com\/index.php\/wp-json\/wp\/v2\/comments?post=15300"}],"version-history":[{"count":0,"href":"https:\/\/serbenidorm.daliisolutions.com\/index.php\/wp-json\/wp\/v2\/posts\/15300\/revisions"}],"wp:featuredmedia":[{"embeddable":true,"href":"https:\/\/serbenidorm.daliisolutions.com\/index.php\/wp-json\/wp\/v2\/media\/15301"}],"wp:attachment":[{"href":"https:\/\/serbenidorm.daliisolutions.com\/index.php\/wp-json\/wp\/v2\/media?parent=15300"}],"wp:term":[{"taxonomy":"category","embeddable":true,"href":"https:\/\/serbenidorm.daliisolutions.com\/index.php\/wp-json\/wp\/v2\/categories?post=15300"},{"taxonomy":"post_tag","embeddable":true,"href":"https:\/\/serbenidorm.daliisolutions.com\/index.php\/wp-json\/wp\/v2\/tags?post=15300"}],"curies":[{"name":"wp","href":"https:\/\/api.w.org\/{rel}","templated":true}]}}