{"id":15302,"date":"2025-05-22T19:24:57","date_gmt":"2025-05-22T17:24:57","guid":{"rendered":"https:\/\/serbenidorm.daliisolutions.com\/index.php\/2025\/05\/22\/cambios-en-el-trafico-del-bulevar-comercial-de-finestrat-desde-el-lunes-para-evitar-atascos\/"},"modified":"2025-05-22T19:24:57","modified_gmt":"2025-05-22T17:24:57","slug":"cambios-en-el-trafico-del-bulevar-comercial-de-finestrat-desde-el-lunes-para-evitar-atascos","status":"publish","type":"post","link":"https:\/\/serbenidorm.daliisolutions.com\/index.php\/2025\/05\/22\/cambios-en-el-trafico-del-bulevar-comercial-de-finestrat-desde-el-lunes-para-evitar-atascos\/","title":{"rendered":"Cambios en el tr\u00e1fico del Bulevar comercial de Finestrat desde el lunes para evitar atascos"},"content":{"rendered":"  <p><div data-adtype=\"MLDB\"><\/div><\/p>   <p>Finestrat<\/p>   <p>Novedades en la circulaci\u00f3n del Bulevar comercial de Finestrat. El Ayuntamiento empezar\u00e1 este lunes 26 de mayo una actuaci\u00f3n para reordenar el tr\u00e1fico y aliviar los atascos que se forman en la salida de la avenida Federico Garc\u00eda Lorca, donde se encuentra el Vivero de Empresas y otras superficies comerciales y de ocio.<\/p>   <p>El alcalde de la localidad, Juanfran P\u00e9rez Llorca, ha precisado que se van a desarrollar dos carriles de salida \u00aby tambi\u00e9n daremos m\u00e1s recorrido por todo el interior de esta zona del Bulevar para que haya m\u00e1s fluidez y no se produzcan esas congestiones de tr\u00e1fico\u00bb. <\/p>   <p>\u00abEs una obra, por tanto, para reordenar la circulaci\u00f3n con la finalidad de evitar las retenciones que se producen, <a href=\"https:\/\/cadenaser.com\/tag\/benidorm\/a\/\" target=\"_blank\" rel=\"nofollow\" title=\"https:\/\/cadenaser.com\/tag\/benidorm\/a\/\">sobre todo, en la salida de la avenida Federico Garc\u00eda Lorca hacia la rotonda principal<\/a>\u00ab, ha a\u00f1adido el primer edil.<\/p>  <p><p>M\u00e1s informaci\u00f3n<\/p><figure><img loading=\"lazy\" decoding=\"async\" src=\"https:\/\/cadenaser.com\/resizer\/v2\/ERFRD3EVPRGKLLQHLD2TQBIAVU.jpg?auth=2479687fae987ff1db94fd0aece9211696353a273fe2c2166f1eed0e803be1b7&amp;quality=70&amp;width=360&amp;height=202&amp;smart=true\" width=\"820\" height=\"621\" \/><\/figure><ul><li><a href=\"https:\/\/cadenaser.com\/comunitat-valenciana\/2025\/05\/22\/la-policia-cierra-benidorm-a-cal-y-canto-para-evitar-la-fuga-de-delincuentes-radio-benidorm\/\"><span>La Polic\u00eda cierra Benidorm &#8216;a cal y canto&#8217; para evitar la fuga de delincuentes<\/span><\/a><\/li><\/ul><\/p>   <p>El plazo estimado de esta intervenci\u00f3n sugerida por la ciudadan\u00eda en una charla con el gobierno local es de un mes y el presupuesto asciende a 50.000 euros sufragados \u00edntegramente por el consistorio.<\/p>   <p>\u00abComo todas las obras cuando llegan generan molestias. Esperamos que se ejecuten lo m\u00e1s r\u00e1pidamente posible y que la obra est\u00e9 terminada de cara al verano. Eso s\u00ed, durante ese tiempo es fundamental que sigamos las indicaciones de la obra con el fin de evitar problemas y cualquier riesgo para la seguridad de conductores y peatones\u00bb, ha destacado tambi\u00e9n P\u00e9rez Llorca.<\/p> ","protected":false},"excerpt":{"rendered":"<p>Una obra de un mes duplicar\u00e1 un carril de entrada y salida<\/p>\n","protected":false},"author":0,"featured_media":15303,"comment_status":"open","ping_status":"open","sticky":false,"template":"","format":"standard","meta":{"_acf_changed":false,"footnotes":""},"categories":[1],"tags":[],"class_list":["post-15302","post","type-post","status-publish","format-standard","has-post-thumbnail","hentry","category-sin-categoria"],"acf":{"ser_id":"SNTCSL2CWVGW3DQGX24BQ73JG4","ser_url":"https:\/\/cadenaser.com\/comunitat-valenciana\/2025\/05\/22\/cambios-en-el-trafico-del-bulevar-comercial-de-finestrat-desde-el-lunes-para-evitar-atascos-radio-benidorm\/"},"_links":{"self":[{"href":"https:\/\/serbenidorm.daliisolutions.com\/index.php\/wp-json\/wp\/v2\/posts\/15302","targetHints":{"allow":["GET"]}}],"collection":[{"href":"https:\/\/serbenidorm.daliisolutions.com\/index.php\/wp-json\/wp\/v2\/posts"}],"about":[{"href":"https:\/\/serbenidorm.daliisolutions.com\/index.php\/wp-json\/wp\/v2\/types\/post"}],"replies":[{"embeddable":true,"href":"https:\/\/serbenidorm.daliisolutions.com\/index.php\/wp-json\/wp\/v2\/comments?post=15302"}],"version-history":[{"count":0,"href":"https:\/\/serbenidorm.daliisolutions.com\/index.php\/wp-json\/wp\/v2\/posts\/15302\/revisions"}],"wp:featuredmedia":[{"embeddable":true,"href":"https:\/\/serbenidorm.daliisolutions.com\/index.php\/wp-json\/wp\/v2\/media\/15303"}],"wp:attachment":[{"href":"https:\/\/serbenidorm.daliisolutions.com\/index.php\/wp-json\/wp\/v2\/media?parent=15302"}],"wp:term":[{"taxonomy":"category","embeddable":true,"href":"https:\/\/serbenidorm.daliisolutions.com\/index.php\/wp-json\/wp\/v2\/categories?post=15302"},{"taxonomy":"post_tag","embeddable":true,"href":"https:\/\/serbenidorm.daliisolutions.com\/index.php\/wp-json\/wp\/v2\/tags?post=15302"}],"curies":[{"name":"wp","href":"https:\/\/api.w.org\/{rel}","templated":true}]}}