{"id":15333,"date":"2025-05-23T20:42:09","date_gmt":"2025-05-23T18:42:09","guid":{"rendered":"https:\/\/serbenidorm.daliisolutions.com\/index.php\/2025\/05\/23\/los-vecinos-del-casco-antiguo-de-villajoyosa-denuncian-la-proliferacion-de-cajetines-en-las-viviendas-turisticas\/"},"modified":"2025-05-23T20:42:09","modified_gmt":"2025-05-23T18:42:09","slug":"los-vecinos-del-casco-antiguo-de-villajoyosa-denuncian-la-proliferacion-de-cajetines-en-las-viviendas-turisticas","status":"publish","type":"post","link":"https:\/\/serbenidorm.daliisolutions.com\/index.php\/2025\/05\/23\/los-vecinos-del-casco-antiguo-de-villajoyosa-denuncian-la-proliferacion-de-cajetines-en-las-viviendas-turisticas\/","title":{"rendered":"Los vecinos del Casco Antiguo de Villajoyosa denuncian la proliferaci\u00f3n de cajetines en las viviendas tur\u00edsticas"},"content":{"rendered":"  <p><div data-adtype=\"MLDB\"><\/div><\/p>   <p>La Vila Joiosa<\/p>   <p>Las viviendas tur\u00edsticas ilegales y los cajetines con llaves para entrar a estos apartamentos, aunque est\u00e9n reglados, est\u00e1n en el punto de mira de los vecinos del Casco Antiguo de Villajoyosa. Su asociaci\u00f3n ha presentado una denuncia por escrito en el Ayuntamiento que, a su vez, recuerda que las competencias son auton\u00f3micas.<\/p>   <p>Los residentes del barrio piden en cualquier caso que se act\u00fae con urgencia frente a la proliferaci\u00f3n descontrolada de esos cajetines en la v\u00eda p\u00fablica y en fachadas protegidas del barrio, incluidas en el entorno BIC (Bien de Inter\u00e9s Cultural).<\/p>   <p>Su secretario, Toni Rubio, ha explicado en <a href=\"https:\/\/cadenaser.com\/tag\/benidorm\/a\/\" target=\"_blank\" rel=\"nofollow\" title=\"https:\/\/cadenaser.com\/tag\/benidorm\/a\/\">La Ventana de la Marina Baixa<\/a> que el conocido como &#8216;Decreto Montes&#8217; en referencia a la anterior consellera de Turismo proh\u00edbe expresamente el uso de estas cajas para entregar llaves de viviendas tur\u00edsticas y que el Plan Especial del Casco Antiguo tambi\u00e9n las considera elementos impropios.<\/p>  <p><p>M\u00e1s informaci\u00f3n<\/p><figure><img loading=\"lazy\" decoding=\"async\" src=\"https:\/\/cadenaser.com\/resizer\/v2\/O5M2YQ2W25BOVOASQ4F7LOYXEI.jpeg?auth=65c65dfa5b4b1e4e492736403d5fa75db20553e6805770857a6b295cb5a3c216&amp;quality=70&amp;width=360&amp;height=202&amp;smart=true\" width=\"820\" height=\"621\" \/><\/figure><ul><li><a href=\"https:\/\/cadenaser.com\/comunitat-valenciana\/2025\/03\/31\/benidorm-se-suma-al-convenio-para-inspeccionar-pisos-turisticos-y-sancionar-los-ilegales-radio-benidorm\/\"><span>Benidorm se suma al convenio para inspeccionar pisos tur\u00edsticos y sancionar los ilegales<\/span><\/a><\/li><\/ul><\/p>   <p>Las fuentes del consistorio vilero consultadas han insistido en que no tienen competencias para regular nada relacionado con las viviendas tur\u00edsticas; competencias que recaen en la Generalitat al no haberse adherido al convenio, movimiento que s\u00ed han hecho otros municipios como Benidorm. <\/p>   <p>Mientras los vecinos siguen criticando adem\u00e1s la oferta ilegal de apartamentos que se anuncian en plataformas online y que no est\u00e1n registrados, reclamando adem\u00e1s m\u00e1s inspectores: \u00abDudamos mucho que se pasen por aqu\u00ed\u00bb.<\/p>   <p>Enfrentamiento entre la Generalitat y el Gobierno de Espa\u00f1a<\/p>   <p>Al tiempo la consellera de Turismo ha anunciado hoy que recurrir\u00e1 el Registro \u00danico de estas viviendas del gobierno central, tal y como han hecho otras comunidades como Andaluc\u00eda, Canarias o Murcia: \u00abEstamos trabajando para un turismo regulado y contra las viviendas ilegales, pero no podemos permitir la injerencia del gobierno invadiendo nuestra autonom\u00eda\u00bb, ha asegurado Marian Cano antes de volver a reivindicar m\u00e1s financiaci\u00f3n.<\/p>   <p>Cano habla de evitar duplicidades y de regular la oferta ilegal desde el \u00e1mbito auton\u00f3mico y el ministro de Consumo Pablo Bustinduy ha pedido directamente al president de la Generalitat, Carlos Maz\u00f3n, desde Gand\u00eda, que \u00absancione a las empresas responsables de la oferta ilegal, es su competencia y su responsabilidad; no hay excusa para no actuar y el Ministerio de Consumo ya ha hecho su trabajo bloqueando los anuncios\u00bb.<\/p>   <p>Por el momento y al margen de las diferencias entre administraciones la realidad es que vecinos como los del centro de La Vila creen que ese control es pr\u00e1cticamente inexistente.<\/p> ","protected":false},"excerpt":{"rendered":"<p>La asociaci\u00f3n vecinal tambi\u00e9n critica la \u00abdejaci\u00f3n de funciones\u00bb de las administraciones con la oferta ilegal anunciada en plataformas online<\/p>\n","protected":false},"author":0,"featured_media":15334,"comment_status":"open","ping_status":"open","sticky":false,"template":"","format":"standard","meta":{"_acf_changed":false,"footnotes":""},"categories":[1],"tags":[],"class_list":["post-15333","post","type-post","status-publish","format-standard","has-post-thumbnail","hentry","category-sin-categoria"],"acf":{"ser_id":"EE4NRHQX3BBFFCDUZ2EB5HZOOQ","ser_url":"https:\/\/cadenaser.com\/comunitat-valenciana\/2025\/05\/23\/los-vecinos-del-casco-antiguo-de-villajoyosa-denuncian-la-proliferacion-de-cajetines-en-las-viviendas-turisticas-radio-benidorm\/"},"_links":{"self":[{"href":"https:\/\/serbenidorm.daliisolutions.com\/index.php\/wp-json\/wp\/v2\/posts\/15333","targetHints":{"allow":["GET"]}}],"collection":[{"href":"https:\/\/serbenidorm.daliisolutions.com\/index.php\/wp-json\/wp\/v2\/posts"}],"about":[{"href":"https:\/\/serbenidorm.daliisolutions.com\/index.php\/wp-json\/wp\/v2\/types\/post"}],"replies":[{"embeddable":true,"href":"https:\/\/serbenidorm.daliisolutions.com\/index.php\/wp-json\/wp\/v2\/comments?post=15333"}],"version-history":[{"count":0,"href":"https:\/\/serbenidorm.daliisolutions.com\/index.php\/wp-json\/wp\/v2\/posts\/15333\/revisions"}],"wp:featuredmedia":[{"embeddable":true,"href":"https:\/\/serbenidorm.daliisolutions.com\/index.php\/wp-json\/wp\/v2\/media\/15334"}],"wp:attachment":[{"href":"https:\/\/serbenidorm.daliisolutions.com\/index.php\/wp-json\/wp\/v2\/media?parent=15333"}],"wp:term":[{"taxonomy":"category","embeddable":true,"href":"https:\/\/serbenidorm.daliisolutions.com\/index.php\/wp-json\/wp\/v2\/categories?post=15333"},{"taxonomy":"post_tag","embeddable":true,"href":"https:\/\/serbenidorm.daliisolutions.com\/index.php\/wp-json\/wp\/v2\/tags?post=15333"}],"curies":[{"name":"wp","href":"https:\/\/api.w.org\/{rel}","templated":true}]}}