{"id":15371,"date":"2025-05-26T14:24:04","date_gmt":"2025-05-26T12:24:04","guid":{"rendered":"https:\/\/serbenidorm.daliisolutions.com\/index.php\/2025\/05\/26\/el-voley-playa-poniente-se-proclama-campeon-de-liga-y-estara-en-la-copa-de-europa\/"},"modified":"2025-05-26T14:24:04","modified_gmt":"2025-05-26T12:24:04","slug":"el-voley-playa-poniente-se-proclama-campeon-de-liga-y-estara-en-la-copa-de-europa","status":"publish","type":"post","link":"https:\/\/serbenidorm.daliisolutions.com\/index.php\/2025\/05\/26\/el-voley-playa-poniente-se-proclama-campeon-de-liga-y-estara-en-la-copa-de-europa\/","title":{"rendered":"El V\u00f3ley Playa Poniente se proclama campe\u00f3n de Liga y estar\u00e1 en la Copa de Europa"},"content":{"rendered":"  <p><div data-adtype=\"MLDB\"><\/div><\/p>   <p>El Club V\u00f3ley Playa Poniente Benidorm ha vuelto a hacer historia. Este domingo, el equipo masculino del Servigroup Poniente Benidorm se proclam\u00f3 campe\u00f3n de la Liga Nacional de v\u00f3ley playa tras imponerse con autoridad al Volei Praia Vigo en la gran final celebrada en Lorca. El conjunto benidormense, dirigido por Ra\u00fal Mesa, cerr\u00f3 as\u00ed una temporada perfecta con un marcador global de 5-2 y el premio a\u00f1adido del billete directo a la Copa de Europa, que se celebrar\u00e1 en septiembre.<\/p>   <p>Desde el inicio del a\u00f1o, el objetivo estaba claro: conquistar el campeonato nacional y regresar al panorama internacional. Este domingo, ambos sue\u00f1os se hicieron realidad en una jornada inolvidable para el deporte benidormense.<\/p>   <p>La final arranc\u00f3 con una potente actuaci\u00f3n de la dupla formada por Hern\u00e1n Tovar y Sviatoslav Karvatskyi, que se impuso por 2-0 a sus rivales gallegos, encendiendo la arena lorquina. Luego fue el turno de Antonio Saucedo y \u00c1lvaro Viera, pareja internacional por Espa\u00f1a, que no dieron opci\u00f3n a los vigueses y sumaron otro 2-0 para dejar el marcador parcial en 2-0.<\/p>   <p>El tercer duelo, con Robert Assen y Ra\u00fal Mesa en pista, sirvi\u00f3 para que el equipo gallego recortara distancias, pero la reacci\u00f3n fue breve. En el partido agrupado, Benidorm volvi\u00f3 a mostrar su superioridad con una combinaci\u00f3n letal entre Tovar\/Karvatskyi y Saucedo\/Viera, que coloc\u00f3 el 3-1 general.<\/p>   <p>El punto definitivo lleg\u00f3 en un \u00faltimo enfrentamiento \u00e9pico. Saucedo y Viera se midieron a Feltrer y Ega\u00f1a en un partido que tuvo de todo. El primer set fue para Vigo, pero Benidorm reaccion\u00f3 con contundencia en el segundo. El tie-break fue un aut\u00e9ntico thriller resuelto con un apretado 15-13 que desat\u00f3 la celebraci\u00f3n: \u00a1Benidorm, campe\u00f3n de Espa\u00f1a!<\/p>   <p>Con este triunfo, el equipo suma su segundo t\u00edtulo nacional y se consolida como referencia del v\u00f3ley playa espa\u00f1ol. Parte del m\u00e9rito tambi\u00e9n recae en la camiseta conmemorativa del 700 Aniversario de Benidorm, que los jugadores lucieron en la final como s\u00edmbolo de identidad y suerte.<\/p> ","protected":false},"excerpt":{"rendered":"<p>El equipo de Ra\u00fal Mesa no dio opci\u00f3n al Vigo en la final disputada en la arena de Lorca<\/p>\n","protected":false},"author":0,"featured_media":15372,"comment_status":"open","ping_status":"open","sticky":false,"template":"","format":"standard","meta":{"_acf_changed":false,"footnotes":""},"categories":[16],"tags":[],"class_list":["post-15371","post","type-post","status-publish","format-standard","has-post-thumbnail","hentry","category-deportes"],"acf":{"ser_id":"FYJGZYUP65HWTDLIPFOY2BNBHI","ser_url":"https:\/\/cadenaser.com\/comunitat-valenciana\/2025\/05\/26\/el-voley-playa-poniente-se-proclama-campeon-de-liga-y-estara-en-la-copa-de-europa-radio-benidorm\/"},"_links":{"self":[{"href":"https:\/\/serbenidorm.daliisolutions.com\/index.php\/wp-json\/wp\/v2\/posts\/15371","targetHints":{"allow":["GET"]}}],"collection":[{"href":"https:\/\/serbenidorm.daliisolutions.com\/index.php\/wp-json\/wp\/v2\/posts"}],"about":[{"href":"https:\/\/serbenidorm.daliisolutions.com\/index.php\/wp-json\/wp\/v2\/types\/post"}],"replies":[{"embeddable":true,"href":"https:\/\/serbenidorm.daliisolutions.com\/index.php\/wp-json\/wp\/v2\/comments?post=15371"}],"version-history":[{"count":0,"href":"https:\/\/serbenidorm.daliisolutions.com\/index.php\/wp-json\/wp\/v2\/posts\/15371\/revisions"}],"wp:featuredmedia":[{"embeddable":true,"href":"https:\/\/serbenidorm.daliisolutions.com\/index.php\/wp-json\/wp\/v2\/media\/15372"}],"wp:attachment":[{"href":"https:\/\/serbenidorm.daliisolutions.com\/index.php\/wp-json\/wp\/v2\/media?parent=15371"}],"wp:term":[{"taxonomy":"category","embeddable":true,"href":"https:\/\/serbenidorm.daliisolutions.com\/index.php\/wp-json\/wp\/v2\/categories?post=15371"},{"taxonomy":"post_tag","embeddable":true,"href":"https:\/\/serbenidorm.daliisolutions.com\/index.php\/wp-json\/wp\/v2\/tags?post=15371"}],"curies":[{"name":"wp","href":"https:\/\/api.w.org\/{rel}","templated":true}]}}