{"id":15373,"date":"2025-05-26T14:24:05","date_gmt":"2025-05-26T12:24:05","guid":{"rendered":"https:\/\/serbenidorm.daliisolutions.com\/index.php\/2025\/05\/26\/la-nucia-se-despide-del-sueno-del-ascenso-de-la-forma-mas-cruel\/"},"modified":"2025-05-26T14:24:05","modified_gmt":"2025-05-26T12:24:05","slug":"la-nucia-se-despide-del-sueno-del-ascenso-de-la-forma-mas-cruel","status":"publish","type":"post","link":"https:\/\/serbenidorm.daliisolutions.com\/index.php\/2025\/05\/26\/la-nucia-se-despide-del-sueno-del-ascenso-de-la-forma-mas-cruel\/","title":{"rendered":"La Nuc\u00eda se despide del sue\u00f1o del ascenso de la forma m\u00e1s cruel"},"content":{"rendered":"  <p><div data-adtype=\"MLDB\"><\/div><\/p>   <p>La temporada del CF La Nuc\u00eda lleg\u00f3 a su fin este domingo en la Ciudad Deportiva Camilo Cano, donde los rojillos cayeron por 1-2 frente a la UD Castellonense en el partido de vuelta de la primera eliminatoria del playoff de ascenso. <\/p>   <p>El encuentro arranc\u00f3 con mucha intensidad y con una buena presencia de aficionados tanto locales como visitantes. Los nucieros se adelantaron en el minuto 8 con un gol del joven Dani, que aprovech\u00f3 un gran pase de Carrasco para marcar el 1-0.<\/p>   <p>Sin embargo, el Castellonense reaccion\u00f3 con rapidez: Agus Murillo igual\u00f3 en el 14\u2019 y en el 29\u2019 Alberto Oca firm\u00f3 un gran gol desde fuera del \u00e1rea que pon\u00eda cuesta arriba la eliminatoria. Aun as\u00ed, La Nuc\u00eda no baj\u00f3 los brazos. Joe fue un constante dolor de cabeza por la banda derecha, y Pablo Morgado roz\u00f3 el empate antes del descanso. Tambi\u00e9n se anul\u00f3 un gol a Carles S\u00edscar por un fuera de juego muy protestado por el banquillo local.<\/p>   <p>En la segunda parte, el equipo lo intent\u00f3 con todo. Leo Ram\u00edrez, Jeffrie, Joe y Cant\u00f3 tuvieron sus ocasiones, pero el gol que forzara la pr\u00f3rroga no lleg\u00f3. Coronado, el meta visitante, salv\u00f3 a los suyos en los \u00faltimos minutos con una parada decisiva en el tiempo a\u00f1adido.<\/p> ","protected":false},"excerpt":{"rendered":"<p>El Castellonense remont\u00f3 el 1-0 inicial y apea a los rojillos del play-off<\/p>\n","protected":false},"author":0,"featured_media":15374,"comment_status":"open","ping_status":"open","sticky":false,"template":"","format":"standard","meta":{"_acf_changed":false,"footnotes":""},"categories":[16],"tags":[],"class_list":["post-15373","post","type-post","status-publish","format-standard","has-post-thumbnail","hentry","category-deportes"],"acf":{"ser_id":"YPHUNNNVWZEF3IKEYY3WIB3KD4","ser_url":"https:\/\/cadenaser.com\/comunitat-valenciana\/2025\/05\/26\/la-nucia-se-despide-del-sueno-del-ascenso-de-la-forma-mas-cruel-radio-benidorm\/"},"_links":{"self":[{"href":"https:\/\/serbenidorm.daliisolutions.com\/index.php\/wp-json\/wp\/v2\/posts\/15373","targetHints":{"allow":["GET"]}}],"collection":[{"href":"https:\/\/serbenidorm.daliisolutions.com\/index.php\/wp-json\/wp\/v2\/posts"}],"about":[{"href":"https:\/\/serbenidorm.daliisolutions.com\/index.php\/wp-json\/wp\/v2\/types\/post"}],"replies":[{"embeddable":true,"href":"https:\/\/serbenidorm.daliisolutions.com\/index.php\/wp-json\/wp\/v2\/comments?post=15373"}],"version-history":[{"count":0,"href":"https:\/\/serbenidorm.daliisolutions.com\/index.php\/wp-json\/wp\/v2\/posts\/15373\/revisions"}],"wp:featuredmedia":[{"embeddable":true,"href":"https:\/\/serbenidorm.daliisolutions.com\/index.php\/wp-json\/wp\/v2\/media\/15374"}],"wp:attachment":[{"href":"https:\/\/serbenidorm.daliisolutions.com\/index.php\/wp-json\/wp\/v2\/media?parent=15373"}],"wp:term":[{"taxonomy":"category","embeddable":true,"href":"https:\/\/serbenidorm.daliisolutions.com\/index.php\/wp-json\/wp\/v2\/categories?post=15373"},{"taxonomy":"post_tag","embeddable":true,"href":"https:\/\/serbenidorm.daliisolutions.com\/index.php\/wp-json\/wp\/v2\/tags?post=15373"}],"curies":[{"name":"wp","href":"https:\/\/api.w.org\/{rel}","templated":true}]}}